{"id":1529,"date":"2022-10-01T17:26:13","date_gmt":"2022-10-01T16:26:13","guid":{"rendered":"https:\/\/www.hlas-pravoslavi.cz\/?p=1529"},"modified":"2022-11-01T17:26:23","modified_gmt":"2022-11-01T16:26:23","slug":"letni-tabor-prazske-cyrilometodejske-skoly","status":"publish","type":"post","link":"https:\/\/www.hlas-pravoslavi.cz\/index.php\/2022\/10\/01\/letni-tabor-prazske-cyrilometodejske-skoly\/","title":{"rendered":"Letn\u00ed t\u00e1bor pra\u017esk\u00e9 cyrilometod\u011bjsk\u00e9 \u0161koly"},"content":{"rendered":"\n<p>S po\u017eehn\u00e1n\u00edm jeho Vysokop\u0159eosv\u00edcenosti Michala, arcibiskupa pra\u017esk\u00e9ho a \u010desk\u00fdch zem\u00ed, ve dnech 13. \u2013 26. srpna v \u0158ecku prob\u00edhal pravoslavn\u00fd t\u00e1bor Blagovest. D\u011bti a doprovod byly ubytov\u00e1ny na t\u00e1bo\u0159e solu\u0148sk\u00e9 pravoslavn\u00e9 obce sv. Trojice, na mo\u0159sk\u00e9m pob\u0159e\u017e\u00ed pobl\u00ed\u017e vesnice Gomati. Z\u00e1jezdu se z\u00fa\u010dastnilo 55 d\u011bt\u00ed z&nbsp;\u010cesk\u00e9 republiky.&nbsp;<\/p>\n\n\n\n<p>C\u00edlem leto\u0161n\u00edho t\u00e1borov\u00e9ho programu bylo sezn\u00e1mit d\u011bti se sv\u011btov\u00fdm pravoslav\u00edm. Vypr\u00e1v\u011blo se o tom, jak se pravoslavn\u00e1 v\u00edra \u0161\u00ed\u0159ila ve sv\u011bt\u011b po\u010d\u00ednaje dobou apo\u0161tolskou, a\u017e k&nbsp;sou\u010dasn\u00fdm pravoslavn\u00fdm misi\u00edm, o tradic\u00edch a zvyc\u00edch m\u00edstn\u00edch pravoslavn\u00fdch c\u00edrkv\u00ed.<\/p>\n\n\n\n<p>Sou\u010d\u00e1st\u00ed v\u00fdchovy v&nbsp;cyrilometod\u011bjsk\u00e9 \u0161kole je upev\u0148ov\u00e1n\u00ed d\u011bt\u00ed ve v\u00ed\u0159e. Proto i b\u011bhem z\u00e1jezdu db\u00e1me na modlitebn\u00ed \u017eivot na\u0161ich sv\u011b\u0159enc\u016f, na ka\u017edodenn\u00ed rann\u00ed a ve\u010dern\u00ed modlitby. Ve sv\u00e1te\u010dn\u00edch dnech jsme slou\u017eili bohoslu\u017eby, jedna z&nbsp;nich byla bohoslu\u017eba no\u010dn\u00ed \u2013 tzv. agrypnie \u010dili v\u0161eno\u010dn\u00ed bd\u011bn\u00ed. Nav\u0161t\u00edvili jsme dva monast\u00fdry u hory Olymp a pot\u00e9 jsme se plavili kr\u00e1snou lod\u00ed&nbsp;kolem svat\u00e9 Hory Athos.<\/p>\n\n\n\n<p>Nechyb\u011bl n\u00e1m samoz\u0159ejm\u011b ani odpo\u010dinek naprosto p\u0159irozen\u00fd v&nbsp;dob\u011b pr\u00e1zdnin. T\u00e9m\u011b\u0159 ka\u017ed\u00fd den jsme tr\u00e1vili \u010das u mo\u0159e, hr\u00e1li jsme hry, cvi\u010dili tance, zp\u00edvali a veselili se. &nbsp;<\/p>\n\n\n\n<p>D\u011bti se v\u011bt\u0161inou staraly o sebe samy. N\u011bkolik hodn\u00fdch pan\u00ed kucha\u0159ek p\u0159ipravovalo pro n\u00e1s v\u0161echno j\u00eddlo, ale ve\u0161ker\u00e9 dal\u0161\u00ed povinnosti plnily d\u011bti: chystaly na st\u016fl a ukl\u00edzely po j\u00eddle, um\u00edvaly n\u00e1dob\u00ed, ukl\u00edzely sv\u00e9 domky a soci\u00e1ln\u00ed za\u0159\u00edzen\u00ed.<\/p>\n\n\n\n<p>Ka\u017ed\u00fd den za\u010d\u00ednal rozcvi\u010dkou, po n\u00ed n\u00e1sledovala rann\u00ed modlitba, sn\u00eddan\u011b a \u00faklid domk\u016f. Pot\u00e9 jsme \u0161li k mo\u0159i, kde jsme se koupali a hr\u00e1li hry. Po n\u00e1vratu byl ob\u011bd a kr\u00e1tk\u00fd odpo\u010dinek. Pot\u00e9 jsme se vraceli k mo\u0159i. Po ve\u010de\u0159i za\u010d\u00ednala pozn\u00e1vac\u00ed \u010d\u00e1st z\u00e1jezdu, mluvili jsme&nbsp;o d\u011bjin\u00e1ch k\u0159es\u0165anstv\u00ed a o pravoslav\u00ed v r\u016fzn\u00fdch koutech sv\u011bta. Tak\u00e9 jsme vytv\u00e1\u0159eli drobn\u00e9 ru\u010dn\u00ed v\u00fdrobky nebo p\u0159ipravovali tance a p\u00edsn\u011b k vystoupen\u00ed.&nbsp;<\/p>\n\n\n\n<p>Tak ub\u011bhlo 12 dn\u016f. Posledn\u00ed den jsme v\u011bnovali n\u00e1v\u0161t\u011bv\u011b m\u011bsta Solu\u0148. Byli jsme v chr\u00e1m\u011b sv. Dimitrije a u zn\u00e1m\u00e9 B\u00edl\u00e9 v\u011b\u017ee. Ve\u010der t\u00e9ho\u017e dne jsme vyrazili dom\u016f.<\/p>\n\n\n\n<p>Kv\u016fli tomu, \u017ee z\u00e1jem o letn\u00ed t\u00e1bor&nbsp;byl v&nbsp;leto\u0161n\u00edm roce obrovsk\u00fd, museli jsme trochu pozm\u011bnit organizaci z\u00e1jezdu. Jelo s&nbsp;n\u00e1mi v\u00edce dosp\u011bl\u00fdch ne\u017e kdykoliv p\u0159edt\u00edm. D\u011bti se rozd\u011blily do sedmi skupin, na ka\u017edou z&nbsp;nich dohl\u00ed\u017eel dosp\u011bl\u00fd doprovod. D\u011blalo se to z&nbsp;d\u016fvodu zaji\u0161t\u011bn\u00ed bezpe\u010d\u00ed a po\u0159\u00e1dku.&nbsp;<\/p>\n\n\n\n<p>D\u011bkujeme vladykovi Michalovi, arcibiskupu pra\u017esk\u00e9mu a \u010desk\u00fdch zem\u00ed, za po\u017eehn\u00e1n\u00ed a finan\u010dn\u00ed podporu. Tak\u00e9 d\u011bkujeme za finan\u010dn\u00ed podporu pra\u017esk\u00e9 katedr\u00e1le sv. Cyrila a Metod\u011bje, pra\u017esk\u00fdm chr\u00e1m\u016fm Zv\u011bstovan\u00ed p\u0159esvat\u00e9 Bohorodice a sv. Kate\u0159iny Alexandrijsk\u00e9.&nbsp;<\/p>\n\n\n\n<p>D\u011bkujeme v\u0161em, kdo se o n\u00e1s starali, pedagog\u016fm, zdravotn\u00edk\u016fm, kucha\u0159k\u00e1m a v\u0161em na\u0161im dobrodinc\u016fm.<\/p>\n\n\n\n<p>T\u011b\u0161\u00edme se na p\u0159\u00ed\u0161t\u00ed rok.<\/p>\n\n\n\n<figure class=\"wp-block-gallery has-nested-images columns-default is-cropped wp-block-gallery-1 is-layout-flex wp-block-gallery-is-layout-flex\">\n<figure class=\"wp-block-image size-large\"><a href=\"https:\/\/www.hlas-pravoslavi.cz\/wp-content\/uploads\/2022\/11\/300988448_578031460684879_6077193143264440896_n.jpg\" data-lbwps-width=\"2048\" data-lbwps-height=\"1536\" data-lbwps-srcsmall=\"http:\/\/www.hlas-pravoslavi.cz\/wp-content\/uploads\/2022\/11\/300988448_578031460684879_6077193143264440896_n-300x225.jpg\"><img loading=\"lazy\" decoding=\"async\" width=\"1024\" height=\"768\" data-id=\"1530\" src=\"https:\/\/www.hlas-pravoslavi.cz\/wp-content\/uploads\/2022\/11\/300988448_578031460684879_6077193143264440896_n-1024x768.jpg\" alt=\"\" class=\"wp-image-1530\" srcset=\"https:\/\/www.hlas-pravoslavi.cz\/wp-content\/uploads\/2022\/11\/300988448_578031460684879_6077193143264440896_n-1024x768.jpg 1024w, https:\/\/www.hlas-pravoslavi.cz\/wp-content\/uploads\/2022\/11\/300988448_578031460684879_6077193143264440896_n-300x225.jpg 300w, https:\/\/www.hlas-pravoslavi.cz\/wp-content\/uploads\/2022\/11\/300988448_578031460684879_6077193143264440896_n-768x576.jpg 768w, https:\/\/www.hlas-pravoslavi.cz\/wp-content\/uploads\/2022\/11\/300988448_578031460684879_6077193143264440896_n-1536x1152.jpg 1536w, https:\/\/www.hlas-pravoslavi.cz\/wp-content\/uploads\/2022\/11\/300988448_578031460684879_6077193143264440896_n-1920x1440.jpg 1920w, https:\/\/www.hlas-pravoslavi.cz\/wp-content\/uploads\/2022\/11\/300988448_578031460684879_6077193143264440896_n.jpg 2048w\" sizes=\"auto, (max-width: 1024px) 100vw, 1024px\" \/><\/a><\/figure>\n\n\n\n<figure class=\"wp-block-image size-large\"><a href=\"https:\/\/www.hlas-pravoslavi.cz\/wp-content\/uploads\/2022\/11\/299476566_576411670846858_4590402707697164255_n.jpg\" data-lbwps-width=\"1600\" data-lbwps-height=\"1200\" data-lbwps-srcsmall=\"http:\/\/www.hlas-pravoslavi.cz\/wp-content\/uploads\/2022\/11\/299476566_576411670846858_4590402707697164255_n-300x225.jpg\"><img loading=\"lazy\" decoding=\"async\" width=\"1024\" height=\"768\" data-id=\"1531\" src=\"https:\/\/www.hlas-pravoslavi.cz\/wp-content\/uploads\/2022\/11\/299476566_576411670846858_4590402707697164255_n-1024x768.jpg\" alt=\"\" class=\"wp-image-1531\" srcset=\"https:\/\/www.hlas-pravoslavi.cz\/wp-content\/uploads\/2022\/11\/299476566_576411670846858_4590402707697164255_n-1024x768.jpg 1024w, https:\/\/www.hlas-pravoslavi.cz\/wp-content\/uploads\/2022\/11\/299476566_576411670846858_4590402707697164255_n-300x225.jpg 300w, https:\/\/www.hlas-pravoslavi.cz\/wp-content\/uploads\/2022\/11\/299476566_576411670846858_4590402707697164255_n-768x576.jpg 768w, https:\/\/www.hlas-pravoslavi.cz\/wp-content\/uploads\/2022\/11\/299476566_576411670846858_4590402707697164255_n-1536x1152.jpg 1536w, https:\/\/www.hlas-pravoslavi.cz\/wp-content\/uploads\/2022\/11\/299476566_576411670846858_4590402707697164255_n.jpg 1600w\" sizes=\"auto, (max-width: 1024px) 100vw, 1024px\" \/><\/a><\/figure>\n\n\n\n<figure class=\"wp-block-image size-large\"><a href=\"https:\/\/www.hlas-pravoslavi.cz\/wp-content\/uploads\/2022\/11\/299359681_572611584560200_5515494000403385809_n.jpg\" data-lbwps-width=\"2048\" data-lbwps-height=\"1152\" data-lbwps-srcsmall=\"http:\/\/www.hlas-pravoslavi.cz\/wp-content\/uploads\/2022\/11\/299359681_572611584560200_5515494000403385809_n-300x169.jpg\"><img loading=\"lazy\" decoding=\"async\" width=\"1024\" height=\"576\" data-id=\"1532\" src=\"https:\/\/www.hlas-pravoslavi.cz\/wp-content\/uploads\/2022\/11\/299359681_572611584560200_5515494000403385809_n-1024x576.jpg\" alt=\"\" class=\"wp-image-1532\" srcset=\"https:\/\/www.hlas-pravoslavi.cz\/wp-content\/uploads\/2022\/11\/299359681_572611584560200_5515494000403385809_n-1024x576.jpg 1024w, https:\/\/www.hlas-pravoslavi.cz\/wp-content\/uploads\/2022\/11\/299359681_572611584560200_5515494000403385809_n-300x169.jpg 300w, https:\/\/www.hlas-pravoslavi.cz\/wp-content\/uploads\/2022\/11\/299359681_572611584560200_5515494000403385809_n-768x432.jpg 768w, https:\/\/www.hlas-pravoslavi.cz\/wp-content\/uploads\/2022\/11\/299359681_572611584560200_5515494000403385809_n-1536x864.jpg 1536w, https:\/\/www.hlas-pravoslavi.cz\/wp-content\/uploads\/2022\/11\/299359681_572611584560200_5515494000403385809_n-1920x1080.jpg 1920w, https:\/\/www.hlas-pravoslavi.cz\/wp-content\/uploads\/2022\/11\/299359681_572611584560200_5515494000403385809_n.jpg 2048w\" sizes=\"auto, (max-width: 1024px) 100vw, 1024px\" \/><\/a><\/figure>\n\n\n\n<figure class=\"wp-block-image size-large\"><a href=\"https:\/\/www.hlas-pravoslavi.cz\/wp-content\/uploads\/2022\/11\/300061493_575512027603489_5533372240341295113_n.jpg\" data-lbwps-width=\"2048\" data-lbwps-height=\"1536\" data-lbwps-srcsmall=\"http:\/\/www.hlas-pravoslavi.cz\/wp-content\/uploads\/2022\/11\/300061493_575512027603489_5533372240341295113_n-300x225.jpg\"><img loading=\"lazy\" decoding=\"async\" width=\"1024\" height=\"768\" data-id=\"1533\" src=\"https:\/\/www.hlas-pravoslavi.cz\/wp-content\/uploads\/2022\/11\/300061493_575512027603489_5533372240341295113_n-1024x768.jpg\" alt=\"\" class=\"wp-image-1533\" srcset=\"https:\/\/www.hlas-pravoslavi.cz\/wp-content\/uploads\/2022\/11\/300061493_575512027603489_5533372240341295113_n-1024x768.jpg 1024w, https:\/\/www.hlas-pravoslavi.cz\/wp-content\/uploads\/2022\/11\/300061493_575512027603489_5533372240341295113_n-300x225.jpg 300w, https:\/\/www.hlas-pravoslavi.cz\/wp-content\/uploads\/2022\/11\/300061493_575512027603489_5533372240341295113_n-768x576.jpg 768w, https:\/\/www.hlas-pravoslavi.cz\/wp-content\/uploads\/2022\/11\/300061493_575512027603489_5533372240341295113_n-1536x1152.jpg 1536w, https:\/\/www.hlas-pravoslavi.cz\/wp-content\/uploads\/2022\/11\/300061493_575512027603489_5533372240341295113_n-1920x1440.jpg 1920w, https:\/\/www.hlas-pravoslavi.cz\/wp-content\/uploads\/2022\/11\/300061493_575512027603489_5533372240341295113_n.jpg 2048w\" sizes=\"auto, (max-width: 1024px) 100vw, 1024px\" \/><\/a><\/figure>\n\n\n\n<figure class=\"wp-block-image size-large\"><a href=\"https:\/\/www.hlas-pravoslavi.cz\/wp-content\/uploads\/2022\/11\/300414913_574276197727072_807056632553966920_n.jpg\" data-lbwps-width=\"2048\" data-lbwps-height=\"1536\" data-lbwps-srcsmall=\"http:\/\/www.hlas-pravoslavi.cz\/wp-content\/uploads\/2022\/11\/300414913_574276197727072_807056632553966920_n-300x225.jpg\"><img loading=\"lazy\" decoding=\"async\" width=\"1024\" height=\"768\" data-id=\"1534\" src=\"https:\/\/www.hlas-pravoslavi.cz\/wp-content\/uploads\/2022\/11\/300414913_574276197727072_807056632553966920_n-1024x768.jpg\" alt=\"\" class=\"wp-image-1534\" srcset=\"https:\/\/www.hlas-pravoslavi.cz\/wp-content\/uploads\/2022\/11\/300414913_574276197727072_807056632553966920_n-1024x768.jpg 1024w, https:\/\/www.hlas-pravoslavi.cz\/wp-content\/uploads\/2022\/11\/300414913_574276197727072_807056632553966920_n-300x225.jpg 300w, https:\/\/www.hlas-pravoslavi.cz\/wp-content\/uploads\/2022\/11\/300414913_574276197727072_807056632553966920_n-768x576.jpg 768w, https:\/\/www.hlas-pravoslavi.cz\/wp-content\/uploads\/2022\/11\/300414913_574276197727072_807056632553966920_n-1536x1152.jpg 1536w, https:\/\/www.hlas-pravoslavi.cz\/wp-content\/uploads\/2022\/11\/300414913_574276197727072_807056632553966920_n-1920x1440.jpg 1920w, https:\/\/www.hlas-pravoslavi.cz\/wp-content\/uploads\/2022\/11\/300414913_574276197727072_807056632553966920_n.jpg 2048w\" sizes=\"auto, (max-width: 1024px) 100vw, 1024px\" \/><\/a><\/figure>\n\n\n\n<figure class=\"wp-block-image size-large\"><a href=\"https:\/\/www.hlas-pravoslavi.cz\/wp-content\/uploads\/2022\/11\/300427966_576205367534155_8441593583097032911_n.jpg\" data-lbwps-width=\"1536\" data-lbwps-height=\"2048\" data-lbwps-srcsmall=\"http:\/\/www.hlas-pravoslavi.cz\/wp-content\/uploads\/2022\/11\/300427966_576205367534155_8441593583097032911_n-225x300.jpg\"><img loading=\"lazy\" decoding=\"async\" width=\"768\" height=\"1024\" data-id=\"1535\" src=\"https:\/\/www.hlas-pravoslavi.cz\/wp-content\/uploads\/2022\/11\/300427966_576205367534155_8441593583097032911_n-768x1024.jpg\" alt=\"\" class=\"wp-image-1535\" srcset=\"https:\/\/www.hlas-pravoslavi.cz\/wp-content\/uploads\/2022\/11\/300427966_576205367534155_8441593583097032911_n-768x1024.jpg 768w, https:\/\/www.hlas-pravoslavi.cz\/wp-content\/uploads\/2022\/11\/300427966_576205367534155_8441593583097032911_n-225x300.jpg 225w, https:\/\/www.hlas-pravoslavi.cz\/wp-content\/uploads\/2022\/11\/300427966_576205367534155_8441593583097032911_n-1152x1536.jpg 1152w, https:\/\/www.hlas-pravoslavi.cz\/wp-content\/uploads\/2022\/11\/300427966_576205367534155_8441593583097032911_n.jpg 1536w\" sizes=\"auto, (max-width: 768px) 100vw, 768px\" \/><\/a><\/figure>\n\n\n\n<figure class=\"wp-block-image size-large\"><a href=\"https:\/\/www.hlas-pravoslavi.cz\/wp-content\/uploads\/2022\/11\/300504034_578030827351609_6164694434341456757_n.jpg\" data-lbwps-width=\"2048\" data-lbwps-height=\"1536\" data-lbwps-srcsmall=\"http:\/\/www.hlas-pravoslavi.cz\/wp-content\/uploads\/2022\/11\/300504034_578030827351609_6164694434341456757_n-300x225.jpg\"><img loading=\"lazy\" decoding=\"async\" width=\"1024\" height=\"768\" data-id=\"1536\" src=\"https:\/\/www.hlas-pravoslavi.cz\/wp-content\/uploads\/2022\/11\/300504034_578030827351609_6164694434341456757_n-1024x768.jpg\" alt=\"\" class=\"wp-image-1536\" srcset=\"https:\/\/www.hlas-pravoslavi.cz\/wp-content\/uploads\/2022\/11\/300504034_578030827351609_6164694434341456757_n-1024x768.jpg 1024w, https:\/\/www.hlas-pravoslavi.cz\/wp-content\/uploads\/2022\/11\/300504034_578030827351609_6164694434341456757_n-300x225.jpg 300w, https:\/\/www.hlas-pravoslavi.cz\/wp-content\/uploads\/2022\/11\/300504034_578030827351609_6164694434341456757_n-768x576.jpg 768w, https:\/\/www.hlas-pravoslavi.cz\/wp-content\/uploads\/2022\/11\/300504034_578030827351609_6164694434341456757_n-1536x1152.jpg 1536w, https:\/\/www.hlas-pravoslavi.cz\/wp-content\/uploads\/2022\/11\/300504034_578030827351609_6164694434341456757_n-1920x1440.jpg 1920w, https:\/\/www.hlas-pravoslavi.cz\/wp-content\/uploads\/2022\/11\/300504034_578030827351609_6164694434341456757_n.jpg 2048w\" sizes=\"auto, (max-width: 1024px) 100vw, 1024px\" \/><\/a><\/figure>\n\n\n\n<figure class=\"wp-block-image size-large\"><a href=\"https:\/\/www.hlas-pravoslavi.cz\/wp-content\/uploads\/2022\/11\/301014504_576205494200809_3244369706818120468_n.jpg\" data-lbwps-width=\"2048\" data-lbwps-height=\"1536\" data-lbwps-srcsmall=\"http:\/\/www.hlas-pravoslavi.cz\/wp-content\/uploads\/2022\/11\/301014504_576205494200809_3244369706818120468_n-300x225.jpg\"><img loading=\"lazy\" decoding=\"async\" width=\"1024\" height=\"768\" data-id=\"1538\" src=\"https:\/\/www.hlas-pravoslavi.cz\/wp-content\/uploads\/2022\/11\/301014504_576205494200809_3244369706818120468_n-1024x768.jpg\" alt=\"\" class=\"wp-image-1538\" srcset=\"https:\/\/www.hlas-pravoslavi.cz\/wp-content\/uploads\/2022\/11\/301014504_576205494200809_3244369706818120468_n-1024x768.jpg 1024w, https:\/\/www.hlas-pravoslavi.cz\/wp-content\/uploads\/2022\/11\/301014504_576205494200809_3244369706818120468_n-300x225.jpg 300w, https:\/\/www.hlas-pravoslavi.cz\/wp-content\/uploads\/2022\/11\/301014504_576205494200809_3244369706818120468_n-768x576.jpg 768w, https:\/\/www.hlas-pravoslavi.cz\/wp-content\/uploads\/2022\/11\/301014504_576205494200809_3244369706818120468_n-1536x1152.jpg 1536w, https:\/\/www.hlas-pravoslavi.cz\/wp-content\/uploads\/2022\/11\/301014504_576205494200809_3244369706818120468_n-1920x1440.jpg 1920w, https:\/\/www.hlas-pravoslavi.cz\/wp-content\/uploads\/2022\/11\/301014504_576205494200809_3244369706818120468_n.jpg 2048w\" sizes=\"auto, (max-width: 1024px) 100vw, 1024px\" \/><\/a><\/figure>\n<\/figure>\n","protected":false},"excerpt":{"rendered":"<p>S po\u017eehn\u00e1n\u00edm jeho Vysokop\u0159eosv\u00edcenosti Michala, arcibiskupa pra\u017esk\u00e9ho a \u010desk\u00fdch zem\u00ed, ve dnech 13. \u2013 26. srpna v \u0158ecku prob\u00edhal pravoslavn\u00fd t\u00e1bor Blagovest. D\u011bti a doprovod&hellip;<\/p>\n","protected":false},"author":1,"featured_media":0,"comment_status":"closed","ping_status":"open","sticky":false,"template":"","format":"standard","meta":{"footnotes":""},"categories":[9],"tags":[66],"class_list":["post-1529","post","type-post","status-publish","format-standard","hentry","category-zpravy-z-eparchii","tag-2022-10"],"_links":{"self":[{"href":"https:\/\/www.hlas-pravoslavi.cz\/index.php\/wp-json\/wp\/v2\/posts\/1529","targetHints":{"allow":["GET"]}}],"collection":[{"href":"https:\/\/www.hlas-pravoslavi.cz\/index.php\/wp-json\/wp\/v2\/posts"}],"about":[{"href":"https:\/\/www.hlas-pravoslavi.cz\/index.php\/wp-json\/wp\/v2\/types\/post"}],"author":[{"embeddable":true,"href":"https:\/\/www.hlas-pravoslavi.cz\/index.php\/wp-json\/wp\/v2\/users\/1"}],"replies":[{"embeddable":true,"href":"https:\/\/www.hlas-pravoslavi.cz\/index.php\/wp-json\/wp\/v2\/comments?post=1529"}],"version-history":[{"count":1,"href":"https:\/\/www.hlas-pravoslavi.cz\/index.php\/wp-json\/wp\/v2\/posts\/1529\/revisions"}],"predecessor-version":[{"id":1539,"href":"https:\/\/www.hlas-pravoslavi.cz\/index.php\/wp-json\/wp\/v2\/posts\/1529\/revisions\/1539"}],"wp:attachment":[{"href":"https:\/\/www.hlas-pravoslavi.cz\/index.php\/wp-json\/wp\/v2\/media?parent=1529"}],"wp:term":[{"taxonomy":"category","embeddable":true,"href":"https:\/\/www.hlas-pravoslavi.cz\/index.php\/wp-json\/wp\/v2\/categories?post=1529"},{"taxonomy":"post_tag","embeddable":true,"href":"https:\/\/www.hlas-pravoslavi.cz\/index.php\/wp-json\/wp\/v2\/tags?post=1529"}],"curies":[{"name":"wp","href":"https:\/\/api.w.org\/{rel}","templated":true}]}}