{"id":1501,"date":"2022-09-30T13:50:20","date_gmt":"2022-09-30T12:50:20","guid":{"rendered":"https:\/\/www.hlas-pravoslavi.cz\/?p=1501"},"modified":"2022-09-30T13:50:21","modified_gmt":"2022-09-30T12:50:21","slug":"katolikos-vsech-armenu-vyzval-zeme-sveta-aby-zastavily-agresi-azerbajdzanu","status":"publish","type":"post","link":"https:\/\/www.hlas-pravoslavi.cz\/index.php\/2022\/09\/30\/katolikos-vsech-armenu-vyzval-zeme-sveta-aby-zastavily-agresi-azerbajdzanu\/","title":{"rendered":"Katolikos v\u0161ech Arm\u00e9n\u016f vyzval zem\u011b sv\u011bta, aby zastavily agresi \u00c1zerb\u00e1jd\u017e\u00e1nu"},"content":{"rendered":"\n<p>13. z\u00e1\u0159\u00ed 2022 hlava Arm\u00e9nsk\u00e9 apo\u0161tolsk\u00e9 c\u00edrkve Garegin II. vyzval mezin\u00e1rodn\u00ed spole\u010denstv\u00ed, aby reagovalo na provokativn\u00ed akce \u00c1zerb\u00e1jd\u017e\u00e1nu.<\/p>\n\n\n\n<p>\u201eS bolest\u00ed a obavami sledujeme provokativn\u00ed bojov\u00e9 akce, kter\u00e9 rozpoutal \u00c1zerb\u00e1jd\u017e\u00e1n pod\u00e9l arm\u00e9nsk\u00fdch hranic, v d\u016fsledku \u010deho\u017e byly ost\u0159elov\u00e1ny obce, jsou zde ob\u011bti a zran\u011bn\u00ed,\u201c uvedl Katolikos.<\/p>\n\n\n\n<p>Garegin II. vyzval ob\u010dany Arm\u00e9nie, aby se spojili a opustili spory, aby nejednota a polarizace spole\u010dnosti nevedly zemi k nov\u00fdm por\u00e1\u017ek\u00e1m. Obr\u00e1til se tak\u00e9 na v\u0161echny m\u00edrumilovn\u00e9 s\u00edly, aby zastavily vojenskou agresi \u00c1zerb\u00e1jd\u017e\u00e1nu.<\/p>\n\n\n\n<p>Hlava Arm\u00e9nsk\u00e9 apo\u0161tolsk\u00e9 c\u00edrkve \u017e\u00e1d\u00e1 hlavy bratrsk\u00fdch c\u00edrkv\u00ed, aby se modlily za bezpe\u010dnost \u201eprvn\u00edho k\u0159es\u0165ansk\u00e9ho st\u00e1tu, jeho v\u011b\u0159\u00edc\u00edho lidu a p\u0159isp\u011bly k nastolen\u00ed skute\u010dn\u00e9ho m\u00edru v regionu\u201c.<\/p>\n\n\n\n<p>Mezi ozbrojen\u00fdmi silami Arm\u00e9nie a \u00c1zerb\u00e1jd\u017e\u00e1nu v noci na 13. z\u00e1\u0159\u00ed za\u010daly st\u0159ety, jsou mrtv\u00ed a zran\u011bn\u00ed.<\/p>\n\n\n\n<p>www.spzh.news<\/p>\n","protected":false},"excerpt":{"rendered":"<p>13. z\u00e1\u0159\u00ed 2022 hlava Arm\u00e9nsk\u00e9 apo\u0161tolsk\u00e9 c\u00edrkve Garegin II. vyzval mezin\u00e1rodn\u00ed spole\u010denstv\u00ed, aby reagovalo na provokativn\u00ed akce \u00c1zerb\u00e1jd\u017e\u00e1nu. \u201eS bolest\u00ed a obavami sledujeme provokativn\u00ed bojov\u00e9&hellip;<\/p>\n","protected":false},"author":1,"featured_media":1502,"comment_status":"closed","ping_status":"open","sticky":false,"template":"","format":"standard","meta":{"footnotes":""},"categories":[10],"tags":[65],"class_list":["post-1501","post","type-post","status-publish","format-standard","has-post-thumbnail","hentry","category-zpravy-ze-sveta","tag-2022-09","has-post-thumbnail-archive"],"_links":{"self":[{"href":"https:\/\/www.hlas-pravoslavi.cz\/index.php\/wp-json\/wp\/v2\/posts\/1501","targetHints":{"allow":["GET"]}}],"collection":[{"href":"https:\/\/www.hlas-pravoslavi.cz\/index.php\/wp-json\/wp\/v2\/posts"}],"about":[{"href":"https:\/\/www.hlas-pravoslavi.cz\/index.php\/wp-json\/wp\/v2\/types\/post"}],"author":[{"embeddable":true,"href":"https:\/\/www.hlas-pravoslavi.cz\/index.php\/wp-json\/wp\/v2\/users\/1"}],"replies":[{"embeddable":true,"href":"https:\/\/www.hlas-pravoslavi.cz\/index.php\/wp-json\/wp\/v2\/comments?post=1501"}],"version-history":[{"count":1,"href":"https:\/\/www.hlas-pravoslavi.cz\/index.php\/wp-json\/wp\/v2\/posts\/1501\/revisions"}],"predecessor-version":[{"id":1503,"href":"https:\/\/www.hlas-pravoslavi.cz\/index.php\/wp-json\/wp\/v2\/posts\/1501\/revisions\/1503"}],"wp:featuredmedia":[{"embeddable":true,"href":"https:\/\/www.hlas-pravoslavi.cz\/index.php\/wp-json\/wp\/v2\/media\/1502"}],"wp:attachment":[{"href":"https:\/\/www.hlas-pravoslavi.cz\/index.php\/wp-json\/wp\/v2\/media?parent=1501"}],"wp:term":[{"taxonomy":"category","embeddable":true,"href":"https:\/\/www.hlas-pravoslavi.cz\/index.php\/wp-json\/wp\/v2\/categories?post=1501"},{"taxonomy":"post_tag","embeddable":true,"href":"https:\/\/www.hlas-pravoslavi.cz\/index.php\/wp-json\/wp\/v2\/tags?post=1501"}],"curies":[{"name":"wp","href":"https:\/\/api.w.org\/{rel}","templated":true}]}}