{"id":1496,"date":"2022-09-30T13:48:47","date_gmt":"2022-09-30T12:48:47","guid":{"rendered":"https:\/\/www.hlas-pravoslavi.cz\/?p=1496"},"modified":"2022-09-30T13:48:48","modified_gmt":"2022-09-30T12:48:48","slug":"v-jeruzaleme-objevili-artefakty-z-obdobi-prvniho-chramu","status":"publish","type":"post","link":"https:\/\/www.hlas-pravoslavi.cz\/index.php\/2022\/09\/30\/v-jeruzaleme-objevili-artefakty-z-obdobi-prvniho-chramu\/","title":{"rendered":"V\u00a0Jeruzal\u00e9m\u011b objevili artefakty z obdob\u00ed prvn\u00edho chr\u00e1mu"},"content":{"rendered":"\n<p>Archeologov\u00e9 objevili v Davidov\u011b m\u011bst\u011b desky ze slonoviny z obdob\u00ed Prvn\u00edho jeruzal\u00e9msk\u00e9ho chr\u00e1mu.<\/p>\n\n\n\n<p>P\u0159i vykop\u00e1vk\u00e1ch v Davidov\u011b m\u011bst\u011b ve star\u00e9m Jeruzal\u00e9m\u011b archeologov\u00e9 z Tel Avivsk\u00e9 univerzity a Izraelsk\u00e9ho pam\u00e1tkov\u00e9ho \u00fastavu objevili cenn\u00e9 artefakty z obdob\u00ed Prvn\u00edho chr\u00e1mu, kter\u00fd nechal postavit kr\u00e1l \u0160alamoun v 10. stolet\u00ed p\u0159ed Kristem. Chr\u00e1m byl zni\u010den Nabuchodonosorem v VI. stolet\u00ed p\u0159ed n. l.<\/p>\n\n\n\n<p>Artefakty jsou sb\u00edrkou mal\u00fdch kousk\u016f slonoviny, kter\u00e9 byly v d\u00e1vn\u00fdch dob\u00e1ch zasazeny do dekorativn\u00edch desek, o nich\u017e se archeologov\u00e9 domn\u00edvaj\u00ed, \u017ee je pou\u017e\u00edvali vl\u00e1dn\u00ed \u00fa\u0159edn\u00edci nebo kn\u011b\u017e\u00ed jako vsuvky do n\u00e1bytku.<\/p>\n\n\n\n<p>\u201eDosud jsme v\u011bd\u011bli o \u0161perc\u00edch ze slonoviny pouze z hlavn\u00edch m\u011bst velk\u00fdch kr\u00e1lovstv\u00ed obdob\u00ed Prvn\u00edho chr\u00e1mu, jako je Nimrud, starov\u011bk\u00e9 asyrsk\u00e9 m\u011bsto, nebo Sama\u0159\u00ed, hlavn\u00ed m\u011bsto Izraelsk\u00e9ho kr\u00e1lovstv\u00ed,\u201c \u0159ekli archeologov\u00e9 Yuval Gadot z University Tel Avivu a Yiftah Shalev z Izraelsk\u00e9ho pam\u00e1tkov\u00e9ho \u00fastavu.<\/p>\n\n\n\n<p>\u201eZbytky desek byly nalezeny v trosk\u00e1ch pal\u00e1cov\u00e9 budovy z 8.\u20137. stolet\u00ed p\u0159ed n. l. Jeruzal\u00e9m byl v t\u00e9 dob\u011b na vrcholu sv\u00e9ho rozkv\u011btu, bohatstv\u00ed a vlivu a cenn\u00e9 inkrustace ze slonoviny sv\u011bd\u010d\u00ed o p\u016fsobiv\u00e9 prosperit\u011b m\u011bsta,\u201c \u0159\u00edkaj\u00ed v\u011bdci.<\/p>\n\n\n\n<p>www.ancient-origins.net<\/p>\n\n\n\n<figure class=\"wp-block-gallery has-nested-images columns-default is-cropped wp-block-gallery-1 is-layout-flex wp-block-gallery-is-layout-flex\">\n<figure class=\"wp-block-image size-large\"><a href=\"https:\/\/www.hlas-pravoslavi.cz\/wp-content\/uploads\/2022\/09\/Artefakty-Prvniho-chramu.jpg\" data-lbwps-width=\"610\" data-lbwps-height=\"458\" data-lbwps-srcsmall=\"http:\/\/www.hlas-pravoslavi.cz\/wp-content\/uploads\/2022\/09\/Artefakty-Prvniho-chramu-300x225.jpg\"><img loading=\"lazy\" decoding=\"async\" width=\"610\" height=\"458\" data-id=\"1497\" src=\"https:\/\/www.hlas-pravoslavi.cz\/wp-content\/uploads\/2022\/09\/Artefakty-Prvniho-chramu.jpg\" alt=\"\" class=\"wp-image-1497\" srcset=\"https:\/\/www.hlas-pravoslavi.cz\/wp-content\/uploads\/2022\/09\/Artefakty-Prvniho-chramu.jpg 610w, https:\/\/www.hlas-pravoslavi.cz\/wp-content\/uploads\/2022\/09\/Artefakty-Prvniho-chramu-300x225.jpg 300w\" sizes=\"auto, (max-width: 610px) 100vw, 610px\" \/><\/a><\/figure>\n\n\n\n<figure class=\"wp-block-image size-large\"><a href=\"https:\/\/www.hlas-pravoslavi.cz\/wp-content\/uploads\/2022\/09\/Artefakty-Prvniho-chramu2.jpg\" data-lbwps-width=\"610\" data-lbwps-height=\"458\" data-lbwps-srcsmall=\"http:\/\/www.hlas-pravoslavi.cz\/wp-content\/uploads\/2022\/09\/Artefakty-Prvniho-chramu2-300x225.jpg\"><img loading=\"lazy\" decoding=\"async\" width=\"610\" height=\"458\" data-id=\"1498\" src=\"https:\/\/www.hlas-pravoslavi.cz\/wp-content\/uploads\/2022\/09\/Artefakty-Prvniho-chramu2.jpg\" alt=\"\" class=\"wp-image-1498\" srcset=\"https:\/\/www.hlas-pravoslavi.cz\/wp-content\/uploads\/2022\/09\/Artefakty-Prvniho-chramu2.jpg 610w, https:\/\/www.hlas-pravoslavi.cz\/wp-content\/uploads\/2022\/09\/Artefakty-Prvniho-chramu2-300x225.jpg 300w\" sizes=\"auto, (max-width: 610px) 100vw, 610px\" \/><\/a><\/figure>\n\n\n\n<figure class=\"wp-block-image size-large\"><a href=\"https:\/\/www.hlas-pravoslavi.cz\/wp-content\/uploads\/2022\/09\/Artefakty-Prvniho-chramu3.jpg\" data-lbwps-width=\"1084\" data-lbwps-height=\"630\" data-lbwps-srcsmall=\"http:\/\/www.hlas-pravoslavi.cz\/wp-content\/uploads\/2022\/09\/Artefakty-Prvniho-chramu3-300x174.jpg\"><img loading=\"lazy\" decoding=\"async\" width=\"1024\" height=\"595\" data-id=\"1499\" src=\"https:\/\/www.hlas-pravoslavi.cz\/wp-content\/uploads\/2022\/09\/Artefakty-Prvniho-chramu3-1024x595.jpg\" alt=\"\" class=\"wp-image-1499\" srcset=\"https:\/\/www.hlas-pravoslavi.cz\/wp-content\/uploads\/2022\/09\/Artefakty-Prvniho-chramu3-1024x595.jpg 1024w, https:\/\/www.hlas-pravoslavi.cz\/wp-content\/uploads\/2022\/09\/Artefakty-Prvniho-chramu3-300x174.jpg 300w, https:\/\/www.hlas-pravoslavi.cz\/wp-content\/uploads\/2022\/09\/Artefakty-Prvniho-chramu3-768x446.jpg 768w, https:\/\/www.hlas-pravoslavi.cz\/wp-content\/uploads\/2022\/09\/Artefakty-Prvniho-chramu3.jpg 1084w\" sizes=\"auto, (max-width: 1024px) 100vw, 1024px\" \/><\/a><\/figure>\n<\/figure>\n","protected":false},"excerpt":{"rendered":"<p>Archeologov\u00e9 objevili v Davidov\u011b m\u011bst\u011b desky ze slonoviny z obdob\u00ed Prvn\u00edho jeruzal\u00e9msk\u00e9ho chr\u00e1mu. P\u0159i vykop\u00e1vk\u00e1ch v Davidov\u011b m\u011bst\u011b ve star\u00e9m Jeruzal\u00e9m\u011b archeologov\u00e9 z Tel Avivsk\u00e9&hellip;<\/p>\n","protected":false},"author":1,"featured_media":0,"comment_status":"closed","ping_status":"open","sticky":false,"template":"","format":"standard","meta":{"footnotes":""},"categories":[10],"tags":[65],"class_list":["post-1496","post","type-post","status-publish","format-standard","hentry","category-zpravy-ze-sveta","tag-2022-09"],"_links":{"self":[{"href":"https:\/\/www.hlas-pravoslavi.cz\/index.php\/wp-json\/wp\/v2\/posts\/1496","targetHints":{"allow":["GET"]}}],"collection":[{"href":"https:\/\/www.hlas-pravoslavi.cz\/index.php\/wp-json\/wp\/v2\/posts"}],"about":[{"href":"https:\/\/www.hlas-pravoslavi.cz\/index.php\/wp-json\/wp\/v2\/types\/post"}],"author":[{"embeddable":true,"href":"https:\/\/www.hlas-pravoslavi.cz\/index.php\/wp-json\/wp\/v2\/users\/1"}],"replies":[{"embeddable":true,"href":"https:\/\/www.hlas-pravoslavi.cz\/index.php\/wp-json\/wp\/v2\/comments?post=1496"}],"version-history":[{"count":1,"href":"https:\/\/www.hlas-pravoslavi.cz\/index.php\/wp-json\/wp\/v2\/posts\/1496\/revisions"}],"predecessor-version":[{"id":1500,"href":"https:\/\/www.hlas-pravoslavi.cz\/index.php\/wp-json\/wp\/v2\/posts\/1496\/revisions\/1500"}],"wp:attachment":[{"href":"https:\/\/www.hlas-pravoslavi.cz\/index.php\/wp-json\/wp\/v2\/media?parent=1496"}],"wp:term":[{"taxonomy":"category","embeddable":true,"href":"https:\/\/www.hlas-pravoslavi.cz\/index.php\/wp-json\/wp\/v2\/categories?post=1496"},{"taxonomy":"post_tag","embeddable":true,"href":"https:\/\/www.hlas-pravoslavi.cz\/index.php\/wp-json\/wp\/v2\/tags?post=1496"}],"curies":[{"name":"wp","href":"https:\/\/api.w.org\/{rel}","templated":true}]}}