{"id":1490,"date":"2022-09-30T13:44:50","date_gmt":"2022-09-30T12:44:50","guid":{"rendered":"https:\/\/www.hlas-pravoslavi.cz\/?p=1490"},"modified":"2022-09-30T13:44:51","modified_gmt":"2022-09-30T12:44:51","slug":"muslimove-v-ugande-utopili-pet-krestanu-za-sireni-evangelia","status":"publish","type":"post","link":"https:\/\/www.hlas-pravoslavi.cz\/index.php\/2022\/09\/30\/muslimove-v-ugande-utopili-pet-krestanu-za-sireni-evangelia\/","title":{"rendered":"Muslimov\u00e9 v Ugand\u011b utopili p\u011bt k\u0159es\u0165an\u016f za \u0161\u00ed\u0159en\u00ed evangelia"},"content":{"rendered":"\n<p>P\u011bt k\u0159es\u0165an\u016f v Ugand\u011b p\u0159ijalo mu\u010dednickou smrt za to, \u017ee se pokusili hl\u00e1sat Krista.<\/p>\n\n\n\n<p>Isl\u00e1m\u0161t\u00ed radik\u00e1lov\u00e9 vyhodili z&nbsp;lod\u011b a utopili p\u011bt p\u0159\u00edslu\u0161n\u00edk\u016f evangelick\u00e9 c\u00edrkve, kdy\u017e se pokusili hl\u00e1sat evangeln\u00ed zv\u011bst spolucestuj\u00edc\u00edm, informuje Morning Star News.<\/p>\n\n\n\n<p>Zlo\u010din se odehr\u00e1l 10. srpna na jeze\u0159e Kyoga v centr\u00e1ln\u00ed Ugand\u011b. Ob\u011b\u0165mi muslimsk\u00fdch extremist\u016f se stalo p\u011bt k\u0159es\u0165ansk\u00fdch kazatel\u016f, kte\u0159\u00ed pluli dopravn\u00ed lod\u00ed. Pat\u0159ily k evangelick\u00e9 c\u00edrkvi End Time Word Ministry a cestovali z oblasti Nakasongola do oblasti Apak, kde se chystali zalo\u017eit farnost. O tom informoval di\u00e1kon, kter\u00fd \u00fatok p\u0159e\u017eil. \u0158ekl, \u017ee p\u011bt kazatel\u016f na palub\u011b lodi se zapojilo do rozhovoru se skupinou 10 muslim\u016f v tradi\u010dn\u00edm isl\u00e1msk\u00e9m od\u011bvu a za\u010dali jim k\u00e1zat Kristovu v\u00edru.<\/p>\n\n\n\n<p>\u201eBrzy vypukl v\u00e1\u017en\u00fd spor mezi muslimy a mision\u00e1\u0159i o Bo\u017esk\u00e9 podstat\u011b na\u0161eho P\u00e1na Je\u017e\u00ed\u0161e Krista. Jeden z&nbsp;muslim\u016f se rozzlobil a za\u010dal k\u0159es\u0165an\u016fm vyhro\u017eovat. K\u0159i\u010del: \u201aPokud si mysl\u00edte, \u017ee Je\u017e\u00ed\u0161 je Syn Bo\u017e\u00ed, pak v\u00e1s All\u00e1h okam\u017eit\u011b potrest\u00e1 smrt\u00ed.\u2018 Kazatel\u00e9 se odvol\u00e1vali na P\u00edsmo svat\u00e9, ale muslim jim odpov\u011bd\u011bl: \u201aD\u00e1v\u00e1me v\u00e1m posledn\u00ed \u0161anci, abyste zmlkli, p\u0159estali s rouh\u00e1n\u00edm a obr\u00e1tili se na pravou v\u00edru, jinak jsou va\u0161e \u017eivoty v&nbsp;ohro\u017een\u00ed,\u2018\u201c vzpom\u00edn\u00e1 p\u0159e\u017eiv\u0161\u00ed di\u00e1kon.<\/p>\n\n\n\n<p>Podle n\u011bj se k\u0159es\u0165an\u00e9 odm\u00edtli z\u0159\u00edci Krista a pak je muslimov\u00e9 jednoho po druh\u00e9m vyhodili z lodi. Hloubka jezera v tomto m\u00edst\u011b byla jen 4\u20136 metr\u016f a ke b\u0159ehu zb\u00fdvalo n\u011bco p\u0159es 200 metr\u016f, ale k\u0159es\u0165an\u00e9 neum\u011bli plavat a rychle se utopili.<\/p>\n\n\n\n<p>Nikdo z deseti muslim\u016f nezabr\u00e1nil chladnokrevn\u00e9 brut\u00e1ln\u00ed vra\u017ed\u011b, kapit\u00e1n ani pos\u00e1dka lodi se v nejmen\u0161\u00edm nepokusili do masakru zas\u00e1hnout nebo n\u011bjak pomoci tonouc\u00edm.<\/p>\n\n\n\n<p>Jakmile lo\u010f zakotvila na druh\u00e9 stran\u011b jezera, di\u00e1kon \u0161el do kostela, shrom\u00e1\u017edil znepokojen\u00e9 m\u00edstn\u00ed obyvatele a ryb\u00e1\u0159e a spolu s&nbsp;nimi se vydal hledat t\u011bla utopen\u00fdch.<\/p>\n\n\n\n<p>Ugandsk\u00e1 \u00fastava a dal\u0161\u00ed z\u00e1kony st\u00e1tu zaji\u0161\u0165uj\u00ed svobodu vyzn\u00e1n\u00ed, v\u010detn\u011b pr\u00e1va \u0161\u00ed\u0159it svou v\u00edru a konvertovat od&nbsp;jednoho n\u00e1bo\u017eenstv\u00ed k druh\u00e9mu. Muslimov\u00e9 tvo\u0159\u00ed pouh\u00fdch 12 procent ugandsk\u00e9 populace, p\u0159i\u010dem\u017e jejich nejv\u011bt\u0161\u00ed koncentrace je ve v\u00fdchodn\u00edch oblastech zem\u011b.<\/p>\n\n\n\n<p><a href=\"http:\/\/www.morningstarnews.org\">www.morningstarnews.org<\/a><\/p>\n","protected":false},"excerpt":{"rendered":"<p>P\u011bt k\u0159es\u0165an\u016f v Ugand\u011b p\u0159ijalo mu\u010dednickou smrt za to, \u017ee se pokusili hl\u00e1sat Krista. Isl\u00e1m\u0161t\u00ed radik\u00e1lov\u00e9 vyhodili z&nbsp;lod\u011b a utopili p\u011bt p\u0159\u00edslu\u0161n\u00edk\u016f evangelick\u00e9 c\u00edrkve, kdy\u017e&hellip;<\/p>\n","protected":false},"author":1,"featured_media":1491,"comment_status":"closed","ping_status":"open","sticky":false,"template":"","format":"standard","meta":{"footnotes":""},"categories":[10],"tags":[65],"class_list":["post-1490","post","type-post","status-publish","format-standard","has-post-thumbnail","hentry","category-zpravy-ze-sveta","tag-2022-09","has-post-thumbnail-archive"],"_links":{"self":[{"href":"https:\/\/www.hlas-pravoslavi.cz\/index.php\/wp-json\/wp\/v2\/posts\/1490","targetHints":{"allow":["GET"]}}],"collection":[{"href":"https:\/\/www.hlas-pravoslavi.cz\/index.php\/wp-json\/wp\/v2\/posts"}],"about":[{"href":"https:\/\/www.hlas-pravoslavi.cz\/index.php\/wp-json\/wp\/v2\/types\/post"}],"author":[{"embeddable":true,"href":"https:\/\/www.hlas-pravoslavi.cz\/index.php\/wp-json\/wp\/v2\/users\/1"}],"replies":[{"embeddable":true,"href":"https:\/\/www.hlas-pravoslavi.cz\/index.php\/wp-json\/wp\/v2\/comments?post=1490"}],"version-history":[{"count":1,"href":"https:\/\/www.hlas-pravoslavi.cz\/index.php\/wp-json\/wp\/v2\/posts\/1490\/revisions"}],"predecessor-version":[{"id":1492,"href":"https:\/\/www.hlas-pravoslavi.cz\/index.php\/wp-json\/wp\/v2\/posts\/1490\/revisions\/1492"}],"wp:featuredmedia":[{"embeddable":true,"href":"https:\/\/www.hlas-pravoslavi.cz\/index.php\/wp-json\/wp\/v2\/media\/1491"}],"wp:attachment":[{"href":"https:\/\/www.hlas-pravoslavi.cz\/index.php\/wp-json\/wp\/v2\/media?parent=1490"}],"wp:term":[{"taxonomy":"category","embeddable":true,"href":"https:\/\/www.hlas-pravoslavi.cz\/index.php\/wp-json\/wp\/v2\/categories?post=1490"},{"taxonomy":"post_tag","embeddable":true,"href":"https:\/\/www.hlas-pravoslavi.cz\/index.php\/wp-json\/wp\/v2\/tags?post=1490"}],"curies":[{"name":"wp","href":"https:\/\/api.w.org\/{rel}","templated":true}]}}