{"id":1488,"date":"2022-09-30T13:43:18","date_gmt":"2022-09-30T12:43:18","guid":{"rendered":"https:\/\/www.hlas-pravoslavi.cz\/?p=1488"},"modified":"2022-09-30T13:43:19","modified_gmt":"2022-09-30T12:43:19","slug":"v-belehrade-zakazali-pochod-gayu","status":"publish","type":"post","link":"https:\/\/www.hlas-pravoslavi.cz\/index.php\/2022\/09\/30\/v-belehrade-zakazali-pochod-gayu\/","title":{"rendered":"V B\u011blehrad\u011b zak\u00e1zali pochod gay\u016f"},"content":{"rendered":"\n<p>Na z\u00e1klad\u011b z\u00e1kona o ve\u0159ejn\u00fdch vystoupen\u00edch a v souladu s \u00fastavou srbsk\u00e9 ministerstvo vnitra v \u00fater\u00fd rozhodlo o z\u00e1kazu pochodu \u00fa\u010dastn\u00edk\u016f b\u011blehradsk\u00e9ho EuroPride 2022 pl\u00e1novan\u00e9ho na 17. z\u00e1\u0159\u00ed, informuje srbsk\u00fd televizn\u00ed kan\u00e1l RTS.<\/p>\n\n\n\n<p>P\u0159i zva\u017eov\u00e1n\u00ed mo\u017enosti po\u0159\u00e1d\u00e1n\u00ed pochodu zazn\u011bly n\u00e1zory, \u017ee \u201etento pochod nemus\u00ed b\u00fdt bezpe\u010dn\u00fd jak pro samotn\u00e9 \u00fa\u010dastn\u00edky, tak pro ostatn\u00ed obyvatele srbsk\u00e9ho hlavn\u00edho m\u011bsta\u201c.<\/p>\n\n\n\n<p>\u201eVyz\u00fdv\u00e1m v\u0161echny, aby respektovali z\u00e1kony a sv\u00e9 osobn\u00ed a politick\u00e9 z\u00e1jmy a nevytv\u00e1\u0159eli hrozby pro svou vlastn\u00ed bezpe\u010dnost ani bezpe\u010dnost ostatn\u00edch,\u201c komentoval rozhodnut\u00ed srbsk\u00fd ministr vnitra Alexander Vulin.<\/p>\n\n\n\n<p><a href=\"http:\/\/www.interfax-religion.com\">www.interfax-religion.com<\/a><\/p>\n","protected":false},"excerpt":{"rendered":"<p>Na z\u00e1klad\u011b z\u00e1kona o ve\u0159ejn\u00fdch vystoupen\u00edch a v souladu s \u00fastavou srbsk\u00e9 ministerstvo vnitra v \u00fater\u00fd rozhodlo o z\u00e1kazu pochodu \u00fa\u010dastn\u00edk\u016f b\u011blehradsk\u00e9ho EuroPride 2022 pl\u00e1novan\u00e9ho&hellip;<\/p>\n","protected":false},"author":1,"featured_media":0,"comment_status":"closed","ping_status":"open","sticky":false,"template":"","format":"standard","meta":{"footnotes":""},"categories":[10],"tags":[65],"class_list":["post-1488","post","type-post","status-publish","format-standard","hentry","category-zpravy-ze-sveta","tag-2022-09"],"_links":{"self":[{"href":"https:\/\/www.hlas-pravoslavi.cz\/index.php\/wp-json\/wp\/v2\/posts\/1488","targetHints":{"allow":["GET"]}}],"collection":[{"href":"https:\/\/www.hlas-pravoslavi.cz\/index.php\/wp-json\/wp\/v2\/posts"}],"about":[{"href":"https:\/\/www.hlas-pravoslavi.cz\/index.php\/wp-json\/wp\/v2\/types\/post"}],"author":[{"embeddable":true,"href":"https:\/\/www.hlas-pravoslavi.cz\/index.php\/wp-json\/wp\/v2\/users\/1"}],"replies":[{"embeddable":true,"href":"https:\/\/www.hlas-pravoslavi.cz\/index.php\/wp-json\/wp\/v2\/comments?post=1488"}],"version-history":[{"count":1,"href":"https:\/\/www.hlas-pravoslavi.cz\/index.php\/wp-json\/wp\/v2\/posts\/1488\/revisions"}],"predecessor-version":[{"id":1489,"href":"https:\/\/www.hlas-pravoslavi.cz\/index.php\/wp-json\/wp\/v2\/posts\/1488\/revisions\/1489"}],"wp:attachment":[{"href":"https:\/\/www.hlas-pravoslavi.cz\/index.php\/wp-json\/wp\/v2\/media?parent=1488"}],"wp:term":[{"taxonomy":"category","embeddable":true,"href":"https:\/\/www.hlas-pravoslavi.cz\/index.php\/wp-json\/wp\/v2\/categories?post=1488"},{"taxonomy":"post_tag","embeddable":true,"href":"https:\/\/www.hlas-pravoslavi.cz\/index.php\/wp-json\/wp\/v2\/tags?post=1488"}],"curies":[{"name":"wp","href":"https:\/\/api.w.org\/{rel}","templated":true}]}}