{"id":1480,"date":"2022-09-30T13:37:34","date_gmt":"2022-09-30T12:37:34","guid":{"rendered":"https:\/\/www.hlas-pravoslavi.cz\/?p=1480"},"modified":"2022-09-30T13:37:35","modified_gmt":"2022-09-30T12:37:35","slug":"svata-kassia-konstantinopolska-a-byzantska-hymnografie","status":"publish","type":"post","link":"https:\/\/www.hlas-pravoslavi.cz\/index.php\/2022\/09\/30\/svata-kassia-konstantinopolska-a-byzantska-hymnografie\/","title":{"rendered":"Svat\u00e1 Kassia Konstantinopolsk\u00e1 a byzantsk\u00e1 hymnografie"},"content":{"rendered":"\n<p>V&nbsp;pond\u011bl\u00ed 19. z\u00e1\u0159\u00ed 2022 se na Husitsk\u00e9 teologick\u00e9 fakult\u011b UK v&nbsp;r\u00e1mci 13. Mezin\u00e1rodn\u00edho festivalu pravoslavn\u00e9 hudby Archaion Kallos 2022 konala p\u0159edn\u00e1\u0161ka Svat\u00e1 Kassia Konstantinopolsk\u00e1 a byzantsk\u00e1 hymnografie. P\u0159edn\u00e1\u0161el docent \u00dastavu v\u00fdchodn\u00edho k\u0159es\u0165anstv\u00ed HTF UK prot. doc. ThLic. Pavel Milko, Ph.D.<\/p>\n\n\n\n<p>Pov\u00edd\u00e1n\u00ed za\u010dalo \u010dten\u00edm a v\u00fdkladem 75. k\u00e1nonu P\u00e1to\u0161est\u00e9ho v\u0161eobecn\u00e9m sn\u011bmu, kter\u00fd se konal v&nbsp;letech 691\u2013692 v&nbsp;Konstantinopoli. K\u00e1non se t\u00fdk\u00e1 c\u00edrkevn\u00edho zp\u011bvu: <em>Chceme, aby ti, kdo p\u0159ich\u00e1zej\u00ed do chr\u00e1mu zp\u00edvat, nevyluzovali nevhodn\u00e9 zvuky a nevyd\u00e1vali ze sebe nep\u0159irozen\u00fd k\u0159ik a nezav\u00e1d\u011bli nic, co neodpov\u00edd\u00e1 a co nen\u00ed vlastn\u00ed c\u00edrkvi, n\u00fdbr\u017e a\u0165 s&nbsp;velkou pozornost\u00ed a duchovn\u00edm dojet\u00edm p\u0159in\u00e1\u0161ej\u00ed zp\u011bv \u017ealm\u016f Bohu, kter\u00fd vid\u00ed skryt\u00e9. Nebo\u0165 posv\u00e1tn\u00e9 slovo u\u010dinilo syny izraelsk\u00e9, aby byli zbo\u017en\u00ed<\/em> (Lv. 15:31).<\/p>\n\n\n\n<p>Pak otec Pavel sezn\u00e1mil p\u0159\u00edtomn\u00e9 s&nbsp;\u017eivotem sv. Kassie, o n\u00ed\u017e se bohu\u017eel dochovalo velmi m\u00e1lo informac\u00ed. Sv. Kassia se narodila kolem roku 800 nebo 805, byla zakladatelkou monast\u00fdru a v\u00fdznamnou b\u00e1sn\u00ed\u0159kou, hymnografkou a skladatelkou. Je to jedin\u00e1 byzantsk\u00e1 \u017eena hymnografka, jej\u00ed\u017e v\u00fdtvory se dostaly do bohoslu\u017eebn\u00fdch knih pravoslavn\u00e9 c\u00edrkve.<\/p>\n\n\n\n<p>Na p\u0159edn\u00e1\u0161ce byl p\u0159\u00edtomen Marios Christou, hudebn\u00ed pedagog a skladatel kypersk\u00e9ho p\u016fvodu, zakladatel sboru Philokallia, sbormistr chr\u00e1mu Narozen\u00ed p\u0159esvat\u00e9 Bohorodice v&nbsp;Mal\u00e9 Chuchli, jen\u017e se tak\u00e9 dlouho v\u011bnoval d\u00edlu sv. Kassie a kr\u00e1tce sezn\u00e1mil poslucha\u010de s&nbsp;v\u00fdsledky v\u00fdzkumu \u0159eck\u00fdch badatel\u016f.<\/p>\n\n\n\n<p>Mezin\u00e1rodn\u00ed festival pravoslavn\u00e9 hudby Archaion Kallos, jen\u017e se ka\u017edoro\u010dn\u011b kon\u00e1 v&nbsp;Praze, krom\u011b koncert\u016f zahrnuje p\u0159edn\u00e1\u0161ky, v\u00fdstavy a dal\u0161\u00ed doprovodn\u00e9 akce.&nbsp;&nbsp;<\/p>\n\n\n\n<p>Redakce<\/p>\n\n\n\n<figure class=\"wp-block-gallery has-nested-images columns-default is-cropped wp-block-gallery-1 is-layout-flex wp-block-gallery-is-layout-flex\">\n<figure class=\"wp-block-image size-large\"><a href=\"https:\/\/www.hlas-pravoslavi.cz\/wp-content\/uploads\/2022\/09\/309539418_764802731294822_3319101528389389173_n.jpg\" data-lbwps-width=\"2000\" data-lbwps-height=\"1500\" data-lbwps-srcsmall=\"http:\/\/www.hlas-pravoslavi.cz\/wp-content\/uploads\/2022\/09\/309539418_764802731294822_3319101528389389173_n-300x225.jpg\"><img loading=\"lazy\" decoding=\"async\" width=\"1024\" height=\"768\" data-id=\"1481\" src=\"https:\/\/www.hlas-pravoslavi.cz\/wp-content\/uploads\/2022\/09\/309539418_764802731294822_3319101528389389173_n-1024x768.jpg\" alt=\"\" class=\"wp-image-1481\" srcset=\"https:\/\/www.hlas-pravoslavi.cz\/wp-content\/uploads\/2022\/09\/309539418_764802731294822_3319101528389389173_n-1024x768.jpg 1024w, https:\/\/www.hlas-pravoslavi.cz\/wp-content\/uploads\/2022\/09\/309539418_764802731294822_3319101528389389173_n-300x225.jpg 300w, https:\/\/www.hlas-pravoslavi.cz\/wp-content\/uploads\/2022\/09\/309539418_764802731294822_3319101528389389173_n-768x576.jpg 768w, https:\/\/www.hlas-pravoslavi.cz\/wp-content\/uploads\/2022\/09\/309539418_764802731294822_3319101528389389173_n-1536x1152.jpg 1536w, https:\/\/www.hlas-pravoslavi.cz\/wp-content\/uploads\/2022\/09\/309539418_764802731294822_3319101528389389173_n-1920x1440.jpg 1920w, https:\/\/www.hlas-pravoslavi.cz\/wp-content\/uploads\/2022\/09\/309539418_764802731294822_3319101528389389173_n.jpg 2000w\" sizes=\"auto, (max-width: 1024px) 100vw, 1024px\" \/><\/a><\/figure>\n\n\n\n<figure class=\"wp-block-image size-large\"><a href=\"https:\/\/www.hlas-pravoslavi.cz\/wp-content\/uploads\/2022\/09\/308947003_504978811065099_8595453992713154541_n.jpg\" data-lbwps-width=\"2000\" data-lbwps-height=\"1500\" data-lbwps-srcsmall=\"http:\/\/www.hlas-pravoslavi.cz\/wp-content\/uploads\/2022\/09\/308947003_504978811065099_8595453992713154541_n-300x225.jpg\"><img loading=\"lazy\" decoding=\"async\" width=\"1024\" height=\"768\" data-id=\"1482\" src=\"https:\/\/www.hlas-pravoslavi.cz\/wp-content\/uploads\/2022\/09\/308947003_504978811065099_8595453992713154541_n-1024x768.jpg\" alt=\"\" class=\"wp-image-1482\" srcset=\"https:\/\/www.hlas-pravoslavi.cz\/wp-content\/uploads\/2022\/09\/308947003_504978811065099_8595453992713154541_n-1024x768.jpg 1024w, https:\/\/www.hlas-pravoslavi.cz\/wp-content\/uploads\/2022\/09\/308947003_504978811065099_8595453992713154541_n-300x225.jpg 300w, https:\/\/www.hlas-pravoslavi.cz\/wp-content\/uploads\/2022\/09\/308947003_504978811065099_8595453992713154541_n-768x576.jpg 768w, https:\/\/www.hlas-pravoslavi.cz\/wp-content\/uploads\/2022\/09\/308947003_504978811065099_8595453992713154541_n-1536x1152.jpg 1536w, https:\/\/www.hlas-pravoslavi.cz\/wp-content\/uploads\/2022\/09\/308947003_504978811065099_8595453992713154541_n-1920x1440.jpg 1920w, https:\/\/www.hlas-pravoslavi.cz\/wp-content\/uploads\/2022\/09\/308947003_504978811065099_8595453992713154541_n.jpg 2000w\" sizes=\"auto, (max-width: 1024px) 100vw, 1024px\" \/><\/a><\/figure>\n<\/figure>\n","protected":false},"excerpt":{"rendered":"<p>V&nbsp;pond\u011bl\u00ed 19. z\u00e1\u0159\u00ed 2022 se na Husitsk\u00e9 teologick\u00e9 fakult\u011b UK v&nbsp;r\u00e1mci 13. Mezin\u00e1rodn\u00edho festivalu pravoslavn\u00e9 hudby Archaion Kallos 2022 konala p\u0159edn\u00e1\u0161ka Svat\u00e1 Kassia Konstantinopolsk\u00e1 a&hellip;<\/p>\n","protected":false},"author":1,"featured_media":0,"comment_status":"closed","ping_status":"open","sticky":false,"template":"","format":"standard","meta":{"footnotes":""},"categories":[9],"tags":[65],"class_list":["post-1480","post","type-post","status-publish","format-standard","hentry","category-zpravy-z-eparchii","tag-2022-09"],"_links":{"self":[{"href":"https:\/\/www.hlas-pravoslavi.cz\/index.php\/wp-json\/wp\/v2\/posts\/1480","targetHints":{"allow":["GET"]}}],"collection":[{"href":"https:\/\/www.hlas-pravoslavi.cz\/index.php\/wp-json\/wp\/v2\/posts"}],"about":[{"href":"https:\/\/www.hlas-pravoslavi.cz\/index.php\/wp-json\/wp\/v2\/types\/post"}],"author":[{"embeddable":true,"href":"https:\/\/www.hlas-pravoslavi.cz\/index.php\/wp-json\/wp\/v2\/users\/1"}],"replies":[{"embeddable":true,"href":"https:\/\/www.hlas-pravoslavi.cz\/index.php\/wp-json\/wp\/v2\/comments?post=1480"}],"version-history":[{"count":1,"href":"https:\/\/www.hlas-pravoslavi.cz\/index.php\/wp-json\/wp\/v2\/posts\/1480\/revisions"}],"predecessor-version":[{"id":1483,"href":"https:\/\/www.hlas-pravoslavi.cz\/index.php\/wp-json\/wp\/v2\/posts\/1480\/revisions\/1483"}],"wp:attachment":[{"href":"https:\/\/www.hlas-pravoslavi.cz\/index.php\/wp-json\/wp\/v2\/media?parent=1480"}],"wp:term":[{"taxonomy":"category","embeddable":true,"href":"https:\/\/www.hlas-pravoslavi.cz\/index.php\/wp-json\/wp\/v2\/categories?post=1480"},{"taxonomy":"post_tag","embeddable":true,"href":"https:\/\/www.hlas-pravoslavi.cz\/index.php\/wp-json\/wp\/v2\/tags?post=1480"}],"curies":[{"name":"wp","href":"https:\/\/api.w.org\/{rel}","templated":true}]}}