{"id":1458,"date":"2022-09-30T13:16:22","date_gmt":"2022-09-30T12:16:22","guid":{"rendered":"https:\/\/www.hlas-pravoslavi.cz\/?p=1458"},"modified":"2022-09-30T13:16:24","modified_gmt":"2022-09-30T12:16:24","slug":"svaty-mucednik-biskup-gorazd-a-cesti-novomucednici","status":"publish","type":"post","link":"https:\/\/www.hlas-pravoslavi.cz\/index.php\/2022\/09\/30\/svaty-mucednik-biskup-gorazd-a-cesti-novomucednici\/","title":{"rendered":"Svat\u00fd mu\u010dedn\u00edk biskup Gorazd a \u010de\u0161t\u00ed novomu\u010dedn\u00edci"},"content":{"rendered":"\n<p>V&nbsp;ned\u011bli 4. z\u00e1\u0159\u00ed se v&nbsp;katedr\u00e1le sv. Cyrila a Metod\u011bje v&nbsp;Praze 2 slou\u017eila slavnostn\u00ed archijerejsk\u00e1 liturgie u p\u0159\u00edle\u017eitosti 80. v\u00fdro\u010d\u00ed mu\u010dednick\u00e9 smrti sv. biskupa Gorazda.<\/p>\n\n\n\n<p>Archijerejskou liturgii slou\u017eil Jeho Vysokop\u0159eosv\u00edcenost Michal, arcibiskup pra\u017esk\u00fd a \u010desk\u00fdch zem\u00ed. Spolu s&nbsp;n\u00edm slou\u017eili metropolita poltavsk\u00fd a myrhorodsk\u00fd Filip, arcibiskup michalovsko-ko\u0161ick\u00fd Juraj, arcibiskup berounsk\u00fd J\u00e1chym, zahrani\u010dn\u00ed kn\u011b\u017e\u00ed a po\u010detn\u00ed duchovn\u00ed pra\u017esk\u00e9 eparchie. Mezi hosty p\u0159\u00edtomn\u00fdmi na liturgii byli patriarcha C\u00edrkve \u010deskoslovensk\u00e9 husitsk\u00e9 ThDr. Tom\u00e1\u0161 Butta a gener\u00e1ln\u00ed sekret\u00e1\u0159 Ekumenick\u00e9 rady c\u00edrkv\u00ed v&nbsp;\u010cR ThDr. Petr Jan Vin\u0161.<\/p>\n\n\n\n<p>Vladykov\u00e9 a kn\u011b\u017e\u00ed polo\u017eili v\u011bnce k pomn\u00edku ob\u011bt\u00ed heydrichi\u00e1dy na n\u00e1dvo\u0159\u00ed chr\u00e1mu a ke zdi N\u00e1rodn\u00edho pam\u00e1tn\u00edku hrdin\u016f heydrichi\u00e1dy. Pietn\u00ed vzpom\u00ednkov\u00e9 slavnosti pokra\u010dovaly na Kobylisk\u00e9 st\u0159elnici v Praze 8 polo\u017een\u00edm v\u011bnc\u016f, pot\u00e9 n\u00e1sledovala panychida.<\/p>\n\n\n\n<p>Vladyka Gorazd byl popraven nacisty 4.&nbsp;z\u00e1\u0159\u00ed roku 1942 spolu s&nbsp;kn\u011b\u017e\u00edmi pra\u017esk\u00e9 katedr\u00e1ly V\u00e1clavem \u010ciklem a Vladim\u00edrem Pet\u0159kem (popraven o den pozd\u011bji, 5. z\u00e1\u0159\u00ed) a p\u0159edsedou sboru star\u0161\u00edch Janem Sonnevendem za podporu protin\u011bmeck\u00e9ho odboje a poskytnut\u00ed \u00fakrytu \u010deskoslovensk\u00fdm para\u0161utist\u016fm. N\u00e1sledn\u011b byli popraveni a umu\u010deni ve vyhlazovac\u00edch t\u00e1borech dal\u0161\u00ed \u010dlenov\u00e9 odboje a jejich rodinn\u00ed p\u0159\u00edslu\u0161n\u00edci. Biskup Gorazd byl na\u0161\u00ed c\u00edrkv\u00ed svato\u0159e\u010den v&nbsp;roce 1987. Svato\u0159e\u010den\u00ed novomu\u010dedn\u00edk\u016f \u010desk\u00fdch se uskute\u010dnilo 8. 2. 2020.<\/p>\n\n\n\n<p>Pro katedr\u00e1lu sv. Cyrila a Metod\u011bje byly posv\u011bceny nov\u00e9 ikony sv. Gorazda, sv. Vladim\u00edra a sv. V\u00e1clava vytvo\u0159en\u00e9 ikonopiskou pra\u017esk\u00e9 eparchie Ludmilou Juzovou.<\/p>\n\n\n\n<p>5. z\u00e1\u0159\u00ed, v&nbsp;den svat\u00fdch novomu\u010dedn\u00edk\u016f \u010desk\u00fdch, arcibiskup Michal, metropolita Filip a arcibiskup Juraj vykonali slavnostn\u00ed liturgii v&nbsp;monast\u00fdrsk\u00e9m chr\u00e1mu sv. Cyrila a Metod\u011bje v&nbsp;Ho\u0159ovi\u010dk\u00e1ch.<\/p>\n\n\n\n<p>Redakce<\/p>\n\n\n\n<p>Foto: Elena Slava<\/p>\n\n\n\n<figure class=\"wp-block-gallery has-nested-images columns-default is-cropped wp-block-gallery-1 is-layout-flex wp-block-gallery-is-layout-flex\">\n<figure class=\"wp-block-image size-large\"><a href=\"https:\/\/www.hlas-pravoslavi.cz\/wp-content\/uploads\/2022\/09\/4.9_010-1024x683-1.jpg\" data-lbwps-width=\"1024\" data-lbwps-height=\"683\" data-lbwps-srcsmall=\"http:\/\/www.hlas-pravoslavi.cz\/wp-content\/uploads\/2022\/09\/4.9_010-1024x683-1-300x200.jpg\"><img loading=\"lazy\" decoding=\"async\" width=\"1024\" height=\"683\" data-id=\"1459\" src=\"https:\/\/www.hlas-pravoslavi.cz\/wp-content\/uploads\/2022\/09\/4.9_010-1024x683-1.jpg\" alt=\"\" class=\"wp-image-1459\" srcset=\"https:\/\/www.hlas-pravoslavi.cz\/wp-content\/uploads\/2022\/09\/4.9_010-1024x683-1.jpg 1024w, https:\/\/www.hlas-pravoslavi.cz\/wp-content\/uploads\/2022\/09\/4.9_010-1024x683-1-300x200.jpg 300w, https:\/\/www.hlas-pravoslavi.cz\/wp-content\/uploads\/2022\/09\/4.9_010-1024x683-1-768x512.jpg 768w\" sizes=\"auto, (max-width: 1024px) 100vw, 1024px\" \/><\/a><figcaption>04.09.2022<\/figcaption><\/figure>\n\n\n\n<figure class=\"wp-block-image size-large\"><a href=\"https:\/\/www.hlas-pravoslavi.cz\/wp-content\/uploads\/2022\/09\/4.9_083-1024x683-1.jpg\" data-lbwps-width=\"1024\" data-lbwps-height=\"683\" data-lbwps-srcsmall=\"http:\/\/www.hlas-pravoslavi.cz\/wp-content\/uploads\/2022\/09\/4.9_083-1024x683-1-300x200.jpg\"><img loading=\"lazy\" decoding=\"async\" width=\"1024\" height=\"683\" data-id=\"1460\" src=\"https:\/\/www.hlas-pravoslavi.cz\/wp-content\/uploads\/2022\/09\/4.9_083-1024x683-1.jpg\" alt=\"\" class=\"wp-image-1460\" srcset=\"https:\/\/www.hlas-pravoslavi.cz\/wp-content\/uploads\/2022\/09\/4.9_083-1024x683-1.jpg 1024w, https:\/\/www.hlas-pravoslavi.cz\/wp-content\/uploads\/2022\/09\/4.9_083-1024x683-1-300x200.jpg 300w, https:\/\/www.hlas-pravoslavi.cz\/wp-content\/uploads\/2022\/09\/4.9_083-1024x683-1-768x512.jpg 768w\" sizes=\"auto, (max-width: 1024px) 100vw, 1024px\" \/><\/a><figcaption>04.09.2022<\/figcaption><\/figure>\n\n\n\n<figure class=\"wp-block-image size-large\"><a href=\"https:\/\/www.hlas-pravoslavi.cz\/wp-content\/uploads\/2022\/09\/4.9_243-1024x683-1.jpg\" data-lbwps-width=\"1024\" data-lbwps-height=\"683\" data-lbwps-srcsmall=\"http:\/\/www.hlas-pravoslavi.cz\/wp-content\/uploads\/2022\/09\/4.9_243-1024x683-1-300x200.jpg\"><img loading=\"lazy\" decoding=\"async\" width=\"1024\" height=\"683\" data-id=\"1461\" src=\"https:\/\/www.hlas-pravoslavi.cz\/wp-content\/uploads\/2022\/09\/4.9_243-1024x683-1.jpg\" alt=\"\" class=\"wp-image-1461\" srcset=\"https:\/\/www.hlas-pravoslavi.cz\/wp-content\/uploads\/2022\/09\/4.9_243-1024x683-1.jpg 1024w, https:\/\/www.hlas-pravoslavi.cz\/wp-content\/uploads\/2022\/09\/4.9_243-1024x683-1-300x200.jpg 300w, https:\/\/www.hlas-pravoslavi.cz\/wp-content\/uploads\/2022\/09\/4.9_243-1024x683-1-768x512.jpg 768w\" sizes=\"auto, (max-width: 1024px) 100vw, 1024px\" \/><\/a><figcaption>04.09.2022<\/figcaption><\/figure>\n\n\n\n<figure class=\"wp-block-image size-large\"><a href=\"https:\/\/www.hlas-pravoslavi.cz\/wp-content\/uploads\/2022\/09\/4.9_248-1024x683-1.jpg\" data-lbwps-width=\"1024\" data-lbwps-height=\"683\" data-lbwps-srcsmall=\"http:\/\/www.hlas-pravoslavi.cz\/wp-content\/uploads\/2022\/09\/4.9_248-1024x683-1-300x200.jpg\"><img loading=\"lazy\" decoding=\"async\" width=\"1024\" height=\"683\" data-id=\"1462\" src=\"https:\/\/www.hlas-pravoslavi.cz\/wp-content\/uploads\/2022\/09\/4.9_248-1024x683-1.jpg\" alt=\"\" class=\"wp-image-1462\" srcset=\"https:\/\/www.hlas-pravoslavi.cz\/wp-content\/uploads\/2022\/09\/4.9_248-1024x683-1.jpg 1024w, https:\/\/www.hlas-pravoslavi.cz\/wp-content\/uploads\/2022\/09\/4.9_248-1024x683-1-300x200.jpg 300w, https:\/\/www.hlas-pravoslavi.cz\/wp-content\/uploads\/2022\/09\/4.9_248-1024x683-1-768x512.jpg 768w\" sizes=\"auto, (max-width: 1024px) 100vw, 1024px\" \/><\/a><figcaption>04.09.2022<\/figcaption><\/figure>\n\n\n\n<figure class=\"wp-block-image size-large\"><a href=\"https:\/\/www.hlas-pravoslavi.cz\/wp-content\/uploads\/2022\/09\/4.9_304-1024x683-1.jpg\" data-lbwps-width=\"1024\" data-lbwps-height=\"683\" data-lbwps-srcsmall=\"http:\/\/www.hlas-pravoslavi.cz\/wp-content\/uploads\/2022\/09\/4.9_304-1024x683-1-300x200.jpg\"><img loading=\"lazy\" decoding=\"async\" width=\"1024\" height=\"683\" data-id=\"1463\" src=\"https:\/\/www.hlas-pravoslavi.cz\/wp-content\/uploads\/2022\/09\/4.9_304-1024x683-1.jpg\" alt=\"\" class=\"wp-image-1463\" srcset=\"https:\/\/www.hlas-pravoslavi.cz\/wp-content\/uploads\/2022\/09\/4.9_304-1024x683-1.jpg 1024w, https:\/\/www.hlas-pravoslavi.cz\/wp-content\/uploads\/2022\/09\/4.9_304-1024x683-1-300x200.jpg 300w, https:\/\/www.hlas-pravoslavi.cz\/wp-content\/uploads\/2022\/09\/4.9_304-1024x683-1-768x512.jpg 768w\" sizes=\"auto, (max-width: 1024px) 100vw, 1024px\" \/><\/a><figcaption>04.09.2022<\/figcaption><\/figure>\n\n\n\n<figure class=\"wp-block-image size-large\"><a href=\"https:\/\/www.hlas-pravoslavi.cz\/wp-content\/uploads\/2022\/09\/5.9_004-1024x683-1.jpg\" data-lbwps-width=\"1024\" data-lbwps-height=\"683\" data-lbwps-srcsmall=\"http:\/\/www.hlas-pravoslavi.cz\/wp-content\/uploads\/2022\/09\/5.9_004-1024x683-1-300x200.jpg\"><img loading=\"lazy\" decoding=\"async\" width=\"1024\" height=\"683\" data-id=\"1464\" src=\"https:\/\/www.hlas-pravoslavi.cz\/wp-content\/uploads\/2022\/09\/5.9_004-1024x683-1.jpg\" alt=\"\" class=\"wp-image-1464\" srcset=\"https:\/\/www.hlas-pravoslavi.cz\/wp-content\/uploads\/2022\/09\/5.9_004-1024x683-1.jpg 1024w, https:\/\/www.hlas-pravoslavi.cz\/wp-content\/uploads\/2022\/09\/5.9_004-1024x683-1-300x200.jpg 300w, https:\/\/www.hlas-pravoslavi.cz\/wp-content\/uploads\/2022\/09\/5.9_004-1024x683-1-768x512.jpg 768w\" sizes=\"auto, (max-width: 1024px) 100vw, 1024px\" \/><\/a><figcaption>05.09.2022<\/figcaption><\/figure>\n\n\n\n<figure class=\"wp-block-image size-large\"><a href=\"https:\/\/www.hlas-pravoslavi.cz\/wp-content\/uploads\/2022\/09\/5.9_006-1024x683-1.jpg\" data-lbwps-width=\"1024\" data-lbwps-height=\"683\" data-lbwps-srcsmall=\"http:\/\/www.hlas-pravoslavi.cz\/wp-content\/uploads\/2022\/09\/5.9_006-1024x683-1-300x200.jpg\"><img loading=\"lazy\" decoding=\"async\" width=\"1024\" height=\"683\" data-id=\"1465\" src=\"https:\/\/www.hlas-pravoslavi.cz\/wp-content\/uploads\/2022\/09\/5.9_006-1024x683-1.jpg\" alt=\"\" class=\"wp-image-1465\" srcset=\"https:\/\/www.hlas-pravoslavi.cz\/wp-content\/uploads\/2022\/09\/5.9_006-1024x683-1.jpg 1024w, https:\/\/www.hlas-pravoslavi.cz\/wp-content\/uploads\/2022\/09\/5.9_006-1024x683-1-300x200.jpg 300w, https:\/\/www.hlas-pravoslavi.cz\/wp-content\/uploads\/2022\/09\/5.9_006-1024x683-1-768x512.jpg 768w\" sizes=\"auto, (max-width: 1024px) 100vw, 1024px\" \/><\/a><figcaption>05.09.2022<\/figcaption><\/figure>\n\n\n\n<figure class=\"wp-block-image size-large\"><a href=\"https:\/\/www.hlas-pravoslavi.cz\/wp-content\/uploads\/2022\/09\/5.9_021-1024x683-1.jpg\" data-lbwps-width=\"1024\" data-lbwps-height=\"683\" data-lbwps-srcsmall=\"http:\/\/www.hlas-pravoslavi.cz\/wp-content\/uploads\/2022\/09\/5.9_021-1024x683-1-300x200.jpg\"><img loading=\"lazy\" decoding=\"async\" width=\"1024\" height=\"683\" data-id=\"1466\" src=\"https:\/\/www.hlas-pravoslavi.cz\/wp-content\/uploads\/2022\/09\/5.9_021-1024x683-1.jpg\" alt=\"\" class=\"wp-image-1466\" srcset=\"https:\/\/www.hlas-pravoslavi.cz\/wp-content\/uploads\/2022\/09\/5.9_021-1024x683-1.jpg 1024w, https:\/\/www.hlas-pravoslavi.cz\/wp-content\/uploads\/2022\/09\/5.9_021-1024x683-1-300x200.jpg 300w, https:\/\/www.hlas-pravoslavi.cz\/wp-content\/uploads\/2022\/09\/5.9_021-1024x683-1-768x512.jpg 768w\" sizes=\"auto, (max-width: 1024px) 100vw, 1024px\" \/><\/a><figcaption>05.09.2022<\/figcaption><\/figure>\n<\/figure>\n","protected":false},"excerpt":{"rendered":"<p>V&nbsp;ned\u011bli 4. z\u00e1\u0159\u00ed se v&nbsp;katedr\u00e1le sv. Cyrila a Metod\u011bje v&nbsp;Praze 2 slou\u017eila slavnostn\u00ed archijerejsk\u00e1 liturgie u p\u0159\u00edle\u017eitosti 80. v\u00fdro\u010d\u00ed mu\u010dednick\u00e9 smrti sv. biskupa Gorazda. Archijerejskou&hellip;<\/p>\n","protected":false},"author":1,"featured_media":1468,"comment_status":"closed","ping_status":"open","sticky":false,"template":"","format":"standard","meta":{"footnotes":""},"categories":[9],"tags":[65],"class_list":["post-1458","post","type-post","status-publish","format-standard","has-post-thumbnail","hentry","category-zpravy-z-eparchii","tag-2022-09","has-post-thumbnail-archive"],"_links":{"self":[{"href":"https:\/\/www.hlas-pravoslavi.cz\/index.php\/wp-json\/wp\/v2\/posts\/1458","targetHints":{"allow":["GET"]}}],"collection":[{"href":"https:\/\/www.hlas-pravoslavi.cz\/index.php\/wp-json\/wp\/v2\/posts"}],"about":[{"href":"https:\/\/www.hlas-pravoslavi.cz\/index.php\/wp-json\/wp\/v2\/types\/post"}],"author":[{"embeddable":true,"href":"https:\/\/www.hlas-pravoslavi.cz\/index.php\/wp-json\/wp\/v2\/users\/1"}],"replies":[{"embeddable":true,"href":"https:\/\/www.hlas-pravoslavi.cz\/index.php\/wp-json\/wp\/v2\/comments?post=1458"}],"version-history":[{"count":1,"href":"https:\/\/www.hlas-pravoslavi.cz\/index.php\/wp-json\/wp\/v2\/posts\/1458\/revisions"}],"predecessor-version":[{"id":1469,"href":"https:\/\/www.hlas-pravoslavi.cz\/index.php\/wp-json\/wp\/v2\/posts\/1458\/revisions\/1469"}],"wp:featuredmedia":[{"embeddable":true,"href":"https:\/\/www.hlas-pravoslavi.cz\/index.php\/wp-json\/wp\/v2\/media\/1468"}],"wp:attachment":[{"href":"https:\/\/www.hlas-pravoslavi.cz\/index.php\/wp-json\/wp\/v2\/media?parent=1458"}],"wp:term":[{"taxonomy":"category","embeddable":true,"href":"https:\/\/www.hlas-pravoslavi.cz\/index.php\/wp-json\/wp\/v2\/categories?post=1458"},{"taxonomy":"post_tag","embeddable":true,"href":"https:\/\/www.hlas-pravoslavi.cz\/index.php\/wp-json\/wp\/v2\/tags?post=1458"}],"curies":[{"name":"wp","href":"https:\/\/api.w.org\/{rel}","templated":true}]}}