{"id":1439,"date":"2022-09-30T10:40:13","date_gmt":"2022-09-30T09:40:13","guid":{"rendered":"https:\/\/www.hlas-pravoslavi.cz\/?p=1439"},"modified":"2022-09-30T10:40:29","modified_gmt":"2022-09-30T09:40:29","slug":"zprava-uradujiciho-generalniho-tajemnika-svetove-rady-cirkvi","status":"publish","type":"post","link":"https:\/\/www.hlas-pravoslavi.cz\/index.php\/2022\/09\/30\/zprava-uradujiciho-generalniho-tajemnika-svetove-rady-cirkvi\/","title":{"rendered":"Zpr\u00e1va \u00fa\u0159aduj\u00edc\u00edho Gener\u00e1ln\u00edho tajemn\u00edka Sv\u011btov\u00e9 rady c\u00edrkv\u00ed"},"content":{"rendered":"\n<p>Hlas pravoslav\u00ed publikuje \u00faryvek ze zpr\u00e1vy \u00fa\u0159aduj\u00edc\u00edho Gener\u00e1ln\u00edho tajemn\u00edka Sv\u011btov\u00e9 rady c\u00edrkv\u00ed o. Ioana Saucy. Tato zpr\u00e1va byla p\u0159ednesena 31. srpna 2022, v\u00a0den zah\u00e1jen\u00ed 11. shrom\u00e1\u017ed\u011bn\u00ed Sv\u011btov\u00e9 rady c\u00edrkv\u00ed. Publikovan\u00fd \u00faryvek je v\u011bnov\u00e1n v\u00e1le\u010dn\u00e9mu konfliktu mezi Ruskem a Ukrajinou, diskusi o vylou\u010den\u00ed Rusk\u00e9 pravoslavn\u00e9 c\u00edrkve ze Sv\u011btov\u00e9 rady a postoji SRC k\u00a0t\u00e9to situaci.<\/p>\n\n\n\n<p><strong>7. N\u00e1v\u0161t\u011bva trp\u00edc\u00edch<\/strong><\/p>\n\n\n\n<p><strong>44.<\/strong> <strong>V\u00e1lka na Ukrajin\u011b<\/strong>: Je to otev\u0159en\u00e1 r\u00e1na na t\u011ble dne\u0161n\u00edho sv\u011bta. Tato v\u00e1lka prob\u00edh\u00e1 v Evrop\u011b, kde se kon\u00e1 na\u0161e shrom\u00e1\u017ed\u011bn\u00ed, a proto\u017ee m\u00e1 celosv\u011btov\u00e9 d\u016fsledky spojen\u00e9 s jadernou hrozbou a potravinovou kriz\u00ed, kter\u00e1 postihuje lidi v mnoha \u010d\u00e1stech sv\u011bta, budu se nad n\u00ed zam\u00fd\u0161let podrobn\u011bji.<\/p>\n\n\n\n<p><strong>45<\/strong>. SRC od sam\u00e9ho po\u010d\u00e1tku odsuzovala v\u00e1lku, vyz\u00fdvala k okam\u017eit\u00e9mu ukon\u010den\u00ed ozbrojen\u00e9ho konfliktu, k respektov\u00e1n\u00ed mezin\u00e1rodn\u00edho pr\u00e1va, suverenity Ukrajiny a apelovala na okam\u017eit\u00e9 ukon\u010den\u00ed nevyb\u00edrav\u00fdch \u00fatok\u016f, kter\u00e9 m\u011bly st\u00e1le v\u011bt\u0161\u00ed dopad na civilisty. SRC byla v centru pozornosti m\u00e9di\u00ed od prvn\u00edho dne v\u00e1lky, a v sou\u010dasnosti se o SRC v souvislosti s v\u00e1lkou zmi\u0148uje v\u00edce ne\u017e 7000 \u010dl\u00e1nk\u016f.<\/p>\n\n\n\n<p><strong>46<\/strong>. SRC ve sv\u00e9 reakci byla d\u016fsledn\u00e1 v:<\/p>\n\n\n\n<ul class=\"wp-block-list\"><li>odsuzov\u00e1n\u00ed n\u00e1sil\u00ed jako zp\u016fsobu \u0159e\u0161en\u00ed konfliktu<\/li><li>vyz\u00fdv\u00e1n\u00ed k ochran\u011b nevinn\u00fdch a zraniteln\u00fdch lid\u00ed<\/li><li>zachov\u00e1n\u00ed kontakt\u016f a dialogu s c\u00edrkvemi v Rusku a na Ukrajin\u011b<\/li><li>zapojen\u00ed c\u00edrkv\u00ed ze sousedn\u00edch zem\u00ed do dialogu u kulat\u00e9ho stolu<\/li><li>podporov\u00e1n\u00ed humanit\u00e1rn\u00ed pomoci s viditeln\u00fdmi projevy na Ukrajin\u011b, v Ma\u010farsku, Rumunsku a Rusku<\/li><\/ul>\n\n\n\n<p><strong>47<\/strong>. Na ka\u017ed\u00e9m kroku jsem se modlil, aby SRC mohla b\u00fdt prostorem pro dialog, pro vz\u00e1jemn\u00e9 naslouch\u00e1n\u00ed a p\u00e9\u010di a pro spravedliv\u00fd m\u00edr a usm\u00ed\u0159en\u00ed. M\u016f\u017eeme a mus\u00edme podporovat alternativy k takzvan\u00fdm geopolitick\u00fdm \u0159e\u0161en\u00edm prohlubuj\u00edc\u00edm rozd\u011blen\u00ed.<\/p>\n\n\n\n<p><strong>48<\/strong>. B\u011bhem t\u00e9to doby jsme obdr\u017eeli dopisy a zpr\u00e1vy od jednotlivc\u016f a t\u0159\u00ed c\u00edrkv\u00ed, ve kter\u00fdch n\u00e1s \u017e\u00e1dali, abychom \u201evylou\u010dili\u201c Ruskou pravoslavnou c\u00edrkev ze spole\u010denstv\u00ed SRC.<\/p>\n\n\n\n<p><strong>49<\/strong>. Po konzultac\u00edch s veden\u00edm \u00fast\u0159edn\u00edho v\u00fdboru jsem na takov\u00e9 \u017e\u00e1dosti odpov\u011bd\u011bl na z\u00e1klad\u011b minul\u00fdch zku\u0161enost\u00ed rady, kdy\u017e bylo na\u0161e spole\u010denstv\u00ed konfrontov\u00e1no s podobn\u00fdmi situacemi. Z\u00e1v\u011br byl ve v\u0161ech p\u0159\u00edpadech jasn\u00fd: SRC byla vytvo\u0159ena jako otev\u0159en\u00e1 platforma pro dialog a setk\u00e1v\u00e1n\u00ed, pro diskusi a p\u0159ekon\u00e1n\u00ed p\u0159ek\u00e1\u017eek na cest\u011b k jednot\u011b. Pokud p\u0159\u00ed\u010dinou nebyly teologick\u00e9 d\u016fvody uveden\u00e9 v&nbsp;na\u0161ich z\u00e1kladech, SRC nikoho nevylu\u010dovala, pokud c\u00edrkev necht\u011bla vylou\u010dit sama sebe. Platilo to i v p\u0159\u00edpad\u011b Holandsk\u00e9 reformovan\u00e9 c\u00edrkve v Ji\u017en\u00ed Africe, kter\u00e1 teologicky podporovala apartheid. Tento postoj vedl k siln\u00fdm debat\u00e1m a odsouzen\u00ed ze strany n\u011bkter\u00fdch \u010dlensk\u00fdch c\u00edrkv\u00ed SRC, ale nakonec to byla samotn\u00e1 c\u00edrkev, kter\u00e1 sebe \u201evylou\u010dila\u201c ze SRC, proto\u017ee c\u00edtila, \u017ee ji\u017e mezi n\u00e1s nepat\u0159\u00ed. Nebyla to SRC, kdo pozastavil \u010dlenstv\u00ed nebo vylou\u010dil Holandskou reformovanou c\u00edrkev.<\/p>\n\n\n\n<p><strong>50<\/strong>. B\u011bhem sv\u00e9ho osobn\u00edho setk\u00e1n\u00ed v \u010dervnu \u00fast\u0159edn\u00ed v\u00fdbor podrobn\u011b diskutoval o vylou\u010den\u00ed Rusk\u00e9 pravoslavn\u00e9 c\u00edrkve ze SRC. Ve sv\u00e9m siln\u00e9m prohl\u00e1\u0161en\u00ed o v\u00e1lce na Ukrajin\u011b \u00fast\u0159edn\u00ed v\u00fdbor odsoudil v\u00e1lku a jak\u00e9koli zneu\u017eit\u00ed n\u00e1bo\u017eensk\u00e9ho jazyka a autority pro ospravedln\u011bn\u00ed ozbrojen\u00e9 agrese, a znovu zd\u016fraznil podstatu SRC jako \u201eplatformy a bezpe\u010dn\u00e9ho prostoru pro setk\u00e1n\u00ed, dialog a \u0159e\u0161en\u00ed mnoha nal\u00e9hav\u00fdch ot\u00e1zek, pro pokra\u010dov\u00e1n\u00ed ekumenick\u00e9ho hnut\u00ed v&nbsp;podm\u00ednk\u00e1ch tohoto konfliktu a pro povinnost jeho \u010dlen\u016f hledat jednotu a spole\u010dn\u011b slou\u017eit sv\u011btu, a proto pob\u00edz\u00ed \u010dleny ekumenick\u00e9ho spole\u010denstv\u00ed v Rusku a na Ukrajin\u011b, aby tuto platformu vyu\u017eili.&#8220;<\/p>\n\n\n\n<p><strong>51<\/strong>. \u00dast\u0159edn\u00ed v\u00fdbor jednomysln\u011b zam\u00edtl n\u00e1vrh vylou\u010den\u00ed a rozhodl se pokra\u010dovat v dialogu. V r\u00e1mci p\u0159\u00edpravy na toto shrom\u00e1\u017ed\u011bn\u00ed \u00fast\u0159edn\u00ed v\u00fdbor po\u017e\u00e1dal \u201e\u00fa\u0159aduj\u00edc\u00edho gener\u00e1ln\u00edho tajemn\u00edka, aby ud\u011blal v\u0161e, co je v jeho moci, pro nadch\u00e1zej\u00edc\u00ed 11. shrom\u00e1\u017ed\u011bn\u00ed SRC v Karlsruhe (31. srpna\u20138. z\u00e1\u0159\u00ed 2022), aby smyslupln\u011b p\u0159isp\u011bl k hled\u00e1n\u00ed m\u00edru prost\u0159ednictv\u00edm dialogu, pro spravedlnost, lidskou d\u016fstojnost a lidsk\u00e1 pr\u00e1va \u2013 v\u010detn\u011b zaji\u0161t\u011bn\u00ed reprezentace Ukrajiny na shrom\u00e1\u017ed\u011bn\u00ed \u2013 a pro usm\u00ed\u0159en\u00ed a jednotu, k nim\u017e n\u00e1s vyz\u00fdv\u00e1 n\u00e1\u0161 P\u00e1n a Spasitel Je\u017e\u00ed\u0161 Kristus.\u201c<\/p>\n\n\n\n<p><strong>52<\/strong>. P\u0159ed n\u011bkolika t\u00fddny jsem uskute\u010dnil p\u011btidenn\u00ed n\u00e1v\u0161t\u011bvu Ukrajiny. Museli jsme jet autem 1700 kilometr\u016f, proto\u017ee \u017e\u00e1dn\u00e9 lety na Ukrajinu nejsou. Setk\u00e1vali jsme se s lidmi ve farnostech, lidmi pe\u010duj\u00edc\u00edmi o uprchl\u00edky a ob\u011bti v\u00e1lky, jako\u017e i s&nbsp;c\u00edrkevn\u00edmi l\u00eddry. Mnoz\u00ed \u0159\u00edkali, \u017ee jsme byli prvn\u00edmi n\u00e1bo\u017eensk\u00fdmi v\u016fdci tak vysok\u00e9 \u00farovn\u011b, kte\u0159\u00ed je nav\u0161t\u00edvili. Sly\u0161eli jsme od c\u00edrkevn\u00edch l\u00eddr\u016f a st\u00e1tn\u00edch \u00fa\u0159edn\u00edk\u016f slova vd\u011b\u010dnosti za odv\u00e1\u017enou n\u00e1v\u0161t\u011bvu solidarity a podpory v tak&nbsp;nebezpe\u010dn\u00fdch a nejist\u00fdch podm\u00ednk\u00e1ch. S pot\u011b\u0161en\u00edm mohu ozn\u00e1mit, \u017ee v\u00fdsledkem t\u00e9to n\u00e1v\u0161t\u011bvy se stalo to, \u017ee 11 Ukrajinc\u016f zastupuj\u00edc\u00edch hlavn\u00ed c\u00edrkve a N\u00e1rodn\u00ed radu c\u00edrkv\u00ed jsou dneska s n\u00e1mi. Na plen\u00e1rn\u00ed sch\u016fzi v\u011bnovan\u00e9 Evrop\u011b budou mluvit za sebe a vypr\u00e1v\u011bt o realit\u011b, v\u00fdzv\u00e1ch a nad\u011bji do budoucnosti.<\/p>\n\n\n\n<p><strong>53<\/strong>. Jako n\u00e1sledovn\u00edci Krista jsme byli pov\u011b\u0159eni \u00fakolem dos\u00e1hnout usm\u00ed\u0159en\u00ed. A t\u00e9ma 11. shrom\u00e1\u017ed\u011bn\u00ed SRC n\u00e1m v\u0161em p\u0159ipom\u00edn\u00e1, \u017ee Kristova l\u00e1ska posouv\u00e1 sv\u011bt k usm\u00ed\u0159en\u00ed a jednot\u011b. Bylo by velmi snadn\u00e9 pou\u017e\u00edvat jazyk politik\u016f, ale jsme povol\u00e1ni pou\u017e\u00edvat jazyk v\u00edry, na\u0161\u00ed v\u00edry. Je snadn\u00e9 vylou\u010dit, exkomunikovat a d\u00e9monizovat, ale jsme povol\u00e1ni nab\u00edzet svobodnou a bezpe\u010dnou platformu pro setk\u00e1n\u00ed a dialog, setk\u00e1vat se a poslouchat jeden druh\u00e9ho, i kdy\u017e mezi sebou nesouhlas\u00edme. To byl v\u017edy zp\u016fsob jedn\u00e1n\u00ed SRC. V\u011b\u0159\u00edm v s\u00edlu dialogu v procesu usm\u00ed\u0159en\u00ed. Vnucen\u00fd m\u00edr nen\u00ed m\u00edr; trval\u00fd m\u00edr mus\u00ed b\u00fdt spravedliv\u00fdm m\u00edrem. V\u00e1lka nem\u016f\u017ee b\u00fdt spravedliv\u00e1 nebo svat\u00e1; vra\u017eda je vra\u017eda, je t\u0159eba se tomu vyhnout prost\u0159ednictv\u00edm dialogu a jedn\u00e1n\u00ed.<\/p>\n\n\n\n<p>Zdroj: <a href=\"https:\/\/www.oikoumene.org\/resources\/documents\/report-of-the-acting-general-secretary-to-the-wcc-11th-assembly\">Report of the Acting General Secretary to the WCC 11th Assembly | World Council of Churches (oikoumene.org)<\/a><\/p>\n","protected":false},"excerpt":{"rendered":"<p>Hlas pravoslav\u00ed publikuje \u00faryvek ze zpr\u00e1vy \u00fa\u0159aduj\u00edc\u00edho Gener\u00e1ln\u00edho tajemn\u00edka Sv\u011btov\u00e9 rady c\u00edrkv\u00ed o. Ioana Saucy. Tato zpr\u00e1va byla p\u0159ednesena 31. srpna 2022, v\u00a0den zah\u00e1jen\u00ed 11.&hellip;<\/p>\n","protected":false},"author":1,"featured_media":1440,"comment_status":"closed","ping_status":"open","sticky":false,"template":"","format":"standard","meta":{"footnotes":""},"categories":[31],"tags":[65],"class_list":["post-1439","post","type-post","status-publish","format-standard","has-post-thumbnail","hentry","category-dulezite","tag-2022-09","has-post-thumbnail-archive"],"_links":{"self":[{"href":"https:\/\/www.hlas-pravoslavi.cz\/index.php\/wp-json\/wp\/v2\/posts\/1439","targetHints":{"allow":["GET"]}}],"collection":[{"href":"https:\/\/www.hlas-pravoslavi.cz\/index.php\/wp-json\/wp\/v2\/posts"}],"about":[{"href":"https:\/\/www.hlas-pravoslavi.cz\/index.php\/wp-json\/wp\/v2\/types\/post"}],"author":[{"embeddable":true,"href":"https:\/\/www.hlas-pravoslavi.cz\/index.php\/wp-json\/wp\/v2\/users\/1"}],"replies":[{"embeddable":true,"href":"https:\/\/www.hlas-pravoslavi.cz\/index.php\/wp-json\/wp\/v2\/comments?post=1439"}],"version-history":[{"count":1,"href":"https:\/\/www.hlas-pravoslavi.cz\/index.php\/wp-json\/wp\/v2\/posts\/1439\/revisions"}],"predecessor-version":[{"id":1441,"href":"https:\/\/www.hlas-pravoslavi.cz\/index.php\/wp-json\/wp\/v2\/posts\/1439\/revisions\/1441"}],"wp:featuredmedia":[{"embeddable":true,"href":"https:\/\/www.hlas-pravoslavi.cz\/index.php\/wp-json\/wp\/v2\/media\/1440"}],"wp:attachment":[{"href":"https:\/\/www.hlas-pravoslavi.cz\/index.php\/wp-json\/wp\/v2\/media?parent=1439"}],"wp:term":[{"taxonomy":"category","embeddable":true,"href":"https:\/\/www.hlas-pravoslavi.cz\/index.php\/wp-json\/wp\/v2\/categories?post=1439"},{"taxonomy":"post_tag","embeddable":true,"href":"https:\/\/www.hlas-pravoslavi.cz\/index.php\/wp-json\/wp\/v2\/tags?post=1439"}],"curies":[{"name":"wp","href":"https:\/\/api.w.org\/{rel}","templated":true}]}}