{"id":1379,"date":"2019-02-20T13:02:04","date_gmt":"2019-02-20T12:02:04","guid":{"rendered":"https:\/\/www.hlas-pravoslavi.cz\/?p=1379"},"modified":"2022-06-29T13:02:22","modified_gmt":"2022-06-29T12:02:22","slug":"poznavaci-test-hrich-a-vasne","status":"publish","type":"post","link":"https:\/\/www.hlas-pravoslavi.cz\/index.php\/2019\/02\/20\/poznavaci-test-hrich-a-vasne\/","title":{"rendered":"Pozn\u00e1vac\u00ed test \u201eH\u0159\u00edch a v\u00e1\u0161n\u011b\u201c"},"content":{"rendered":"\n<div class=\"wp-block-columns is-layout-flex wp-container-core-columns-is-layout-9d6595d7 wp-block-columns-is-layout-flex\">\n<div class=\"wp-block-column is-layout-flow wp-block-column-is-layout-flow\">\n<p><strong>1. Co je to h\u0159\u00edch?<\/strong><\/p>\n\n\n\n<p>a) ka\u017ed\u00fd to definuje s\u00e1m<\/p>\n\n\n\n<p>b) zak\u00e1zan\u00e9 pot\u011b\u0161en\u00ed<\/p>\n\n\n\n<p>c) nemoc du\u0161e<\/p>\n\n\n\n<p>d) poru\u0161en\u00ed dogmat<\/p>\n<\/div>\n\n\n\n<div class=\"wp-block-column is-layout-flow wp-block-column-is-layout-flow\">\n<p><strong>2. V&nbsp;\u010dem spo\u010d\u00edval h\u0159\u00edch Adama a Evy?<\/strong><\/p>\n\n\n\n<p>a) v&nbsp;intimn\u00ed bl\u00edzkosti<\/p>\n\n\n\n<p>b) v&nbsp;pozn\u00e1n\u00ed dobra a zla<\/p>\n\n\n\n<p>c) v&nbsp;zv\u011bdavosti<\/p>\n\n\n\n<p>d) v&nbsp;poru\u0161en\u00ed Bo\u017e\u00edho p\u0159ik\u00e1zan\u00ed a neochot\u011b \u010dinit pok\u00e1n\u00ed<\/p>\n<\/div>\n<\/div>\n\n\n\n<hr class=\"wp-block-separator\"\/>\n\n\n\n<div class=\"wp-block-columns is-layout-flex wp-container-core-columns-is-layout-9d6595d7 wp-block-columns-is-layout-flex\">\n<div class=\"wp-block-column is-layout-flow wp-block-column-is-layout-flow\">\n<p><strong>3. Nese ka\u017ed\u00fd \u010dlov\u011bk osobn\u00ed zodpov\u011bdnost za h\u0159\u00edch prarodi\u010d\u016f (Adama a Evy) jako za sv\u016fj vlastn\u00ed h\u0159\u00edch?<\/strong><\/p>\n\n\n\n<p>a) ano<\/p>\n\n\n\n<p>b) ne<\/p>\n<\/div>\n\n\n\n<div class=\"wp-block-column is-layout-flow wp-block-column-is-layout-flow\">\n<p><strong>4. Jak\u00fd h\u0159\u00edch je podle svat\u00fdch otc\u016f ko\u0159enem v\u0161ech h\u0159\u00edch\u016f?<\/strong><\/p>\n\n\n\n<p>a) p\u00fdcha<\/p>\n\n\n\n<p>b) roz\u010dilov\u00e1n\u00ed se<\/p>\n\n\n\n<p>c) vulg\u00e1rn\u00ed vyjad\u0159ov\u00e1n\u00ed<\/p>\n\n\n\n<p>d) po\u017eiva\u010dnost<\/p>\n<\/div>\n<\/div>\n\n\n\n<hr class=\"wp-block-separator\"\/>\n\n\n\n<div class=\"wp-block-columns is-layout-flex wp-container-core-columns-is-layout-9d6595d7 wp-block-columns-is-layout-flex\">\n<div class=\"wp-block-column is-layout-flow wp-block-column-is-layout-flow\">\n<p><strong>5. Jak\u00fd h\u0159\u00edch B\u016fh nem\u016f\u017ee odpustit?<\/strong><\/p>\n\n\n\n<p>a) d\u011bdi\u010dn\u00fd<\/p>\n\n\n\n<p>b) vra\u017edu<\/p>\n\n\n\n<p>c) p\u00fdchu<\/p>\n\n\n\n<p>d) ten, ze kter\u00e9ho \u010dlov\u011bk ne\u010din\u00ed pok\u00e1n\u00ed<\/p>\n<\/div>\n\n\n\n<div class=\"wp-block-column is-layout-flow wp-block-column-is-layout-flow\">\n<p><strong>6. V&nbsp;jak\u00e9m p\u0159\u00edpad\u011b kn\u011bz m\u016f\u017ee poru\u0161it tajemstv\u00ed zpov\u011bdi?<\/strong><\/p>\n\n\n\n<p>a) na po\u017e\u00e1d\u00e1n\u00ed arcibiskupa<\/p>\n\n\n\n<p>b) na po\u017e\u00e1d\u00e1n\u00ed soudce<\/p>\n\n\n\n<p>c) v&nbsp;\u017e\u00e1dn\u00e9m p\u0159\u00edpad\u011b<\/p>\n\n\n\n<p>d) pokud je doty\u010dn\u00fd \u010dlov\u011bk nebezpe\u010dn\u00fd pro spole\u010dnost&nbsp;<\/p>\n<\/div>\n<\/div>\n\n\n\n<hr class=\"wp-block-separator\"\/>\n\n\n\n<div class=\"wp-block-columns is-layout-flex wp-container-core-columns-is-layout-9d6595d7 wp-block-columns-is-layout-flex\">\n<div class=\"wp-block-column is-layout-flow wp-block-column-is-layout-flow\">\n<p><strong>7. Pova\u017euje se vra\u017eda b\u011bhem v\u00e1lky za h\u0159\u00edch?<\/strong><\/p>\n\n\n\n<p>a) ano, k\u0159es\u0165an nesm\u00ed br\u00e1t do rukou zbra\u0148<\/p>\n\n\n\n<p>&nbsp;b) ne, v\u00e1lka m\u00e1 sv\u00e1 pravidla<\/p>\n\n\n\n<p>c) ne, pokud v\u00e1lka je po\u017eehn\u00e1na c\u00edrkv\u00ed<\/p>\n\n\n\n<p>d) ano, ale p\u0159esto k\u0159es\u0165an mus\u00ed br\u00e1nit svou vlast a rodinu<\/p>\n<\/div>\n\n\n\n<div class=\"wp-block-column is-layout-flow wp-block-column-is-layout-flow\">\n<p><strong>8. Je lenost h\u0159\u00edchem?<\/strong><\/p>\n\n\n\n<p>a) ano<\/p>\n\n\n\n<p>b) ne, nicned\u011bl\u00e1n\u00ed nen\u00ed h\u0159\u00edch<\/p>\n\n\n\n<p>c) ano, ale bezv\u00fdznamn\u00fdm<\/p>\n<\/div>\n<\/div>\n\n\n\n<hr class=\"wp-block-separator\"\/>\n\n\n\n<div class=\"wp-block-columns is-layout-flex wp-container-core-columns-is-layout-9d6595d7 wp-block-columns-is-layout-flex\">\n<div class=\"wp-block-column is-layout-flow wp-block-column-is-layout-flow\">\n<p><strong>9. Co se pova\u017euje za \u010dinn\u00e9 pok\u00e1n\u00ed?<\/strong><\/p>\n\n\n\n<p>a) uzn\u00e1n\u00ed sv\u00fdch h\u0159\u00edch\u016f<\/p>\n\n\n\n<p>b) litov\u00e1n\u00ed sp\u00e1chan\u00e9ho h\u0159\u00edchu<\/p>\n\n\n\n<p>c) zm\u011bna zp\u016fsobu \u017eivota<\/p>\n\n\n\n<p>d) v\u00fd\u010ditky sv\u011bdom\u00ed<\/p>\n\n\n\n<p>e) chr\u00e1mov\u00e1 zpov\u011b\u010f<\/p>\n<\/div>\n\n\n\n<div class=\"wp-block-column is-layout-flow wp-block-column-is-layout-flow\">\n<p><strong>10. Svat\u00fd Efr\u00e9m Syrsk\u00fd psal, \u017ee c\u00edrkev nen\u00ed spole\u010dnost\u00ed v\u00edt\u011bzn\u00fdch svat\u00fdch, n\u00fdbr\u017e\u2026<\/strong><\/p>\n\n\n\n<p>a) z\u00e1stupem kaj\u00edc\u00edch se h\u0159\u00ed\u0161n\u00edk\u016f<\/p>\n\n\n\n<p>b) spole\u010dnost\u00ed vyvolen\u00fdch<\/p>\n\n\n\n<p>c) skupinou t\u011bch, kdo usly\u0161eli Bo\u017e\u00ed hlas<\/p>\n<\/div>\n<\/div>\n\n\n\n<hr class=\"wp-block-separator\"\/>\n\n\n\n<div class=\"wp-block-columns is-layout-flex wp-container-core-columns-is-layout-9d6595d7 wp-block-columns-is-layout-flex\">\n<div class=\"wp-block-column is-layout-flow wp-block-column-is-layout-flow\">\n<p><strong>11. Existuje h\u0159\u00edch, ze kter\u00e9ho \u010dlov\u011bk ji\u017e nem\u016f\u017ee u\u010dinit pok\u00e1n\u00ed?<\/strong><\/p>\n\n\n\n<p>a) ne<\/p>\n\n\n\n<p>b) ano<\/p>\n<\/div>\n\n\n\n<div class=\"wp-block-column is-layout-flow wp-block-column-is-layout-flow\">\n<p><strong>12. \u010c\u00edm se li\u0161\u00ed h\u0159\u00edch od v\u00e1\u0161n\u011b?<\/strong><\/p>\n\n\n\n<p>a) v\u00e1\u0161e\u0148 je h\u0159\u00edch, kter\u00fd p\u0159in\u00e1\u0161\u00ed nejv\u011bt\u0161\u00ed pot\u011b\u0161en\u00ed<\/p>\n\n\n\n<p>b) jsou to synonyma<\/p>\n\n\n\n<p>c) v\u00e1\u0161e\u0148 je h\u0159\u00edchem, kter\u00fd se stal zvykem<\/p>\n<\/div>\n<\/div>\n\n\n\n<hr class=\"wp-block-separator\"\/>\n\n\n\n<div class=\"wp-block-columns is-layout-flex wp-container-core-columns-is-layout-9d6595d7 wp-block-columns-is-layout-flex\">\n<div class=\"wp-block-column is-layout-flow wp-block-column-is-layout-flow\">\n<p><strong>13. Co je to pokora podle pravoslavn\u00e9 askeze?<\/strong><\/p>\n\n\n\n<p>a) pon\u00ed\u017eenost<\/p>\n\n\n\n<p>b) pocit viny<\/p>\n\n\n\n<p>c) skl\u00ed\u010denost<\/p>\n\n\n\n<p>d) adekv\u00e1tn\u00ed sebehodnocen\u00ed<\/p>\n<\/div>\n\n\n\n<div class=\"wp-block-column is-layout-flow wp-block-column-is-layout-flow\">\n<p><strong>14. Kdo z&nbsp;lid\u00ed je bezh\u0159\u00ed\u0161n\u00fd?<\/strong><\/p>\n\n\n\n<p>a) sv\u011btci<\/p>\n\n\n\n<p>b) mni\u0161i<\/p>\n\n\n\n<p>c) \u0159\u00edmsk\u00fd pape\u017e<\/p>\n\n\n\n<p>d) kn\u011b\u017e\u00ed<\/p>\n\n\n\n<p>e) nikdo<\/p>\n<\/div>\n<\/div>\n\n\n\n<hr class=\"wp-block-separator\"\/>\n\n\n\n<div class=\"wp-block-columns is-layout-flex wp-container-core-columns-is-layout-9d6595d7 wp-block-columns-is-layout-flex\">\n<div class=\"wp-block-column is-layout-flow wp-block-column-is-layout-flow\">\n<p><strong>15. \u010c\u00edm v\u00edc se \u010dlov\u011bk p\u0159ibli\u017euje ke Kristu, t\u00edm\u2026<\/strong><\/p>\n\n\n\n<p>a) m\u00e9n\u011b h\u0159\u00edch\u016f vid\u00ed v&nbsp;sob\u011b sam\u00e9m<\/p>\n\n\n\n<p>b) v\u00edce h\u0159\u00edch\u016f vid\u00ed v&nbsp;sob\u011b sam\u00e9m&nbsp;<\/p>\n<\/div>\n\n\n\n<div class=\"wp-block-column is-layout-flow wp-block-column-is-layout-flow\">\n<p><strong>16. Kter\u00fd h\u0159\u00edch se \u010dasto projevuje v&nbsp;podob\u011b boje za pravdu a soci\u00e1ln\u00ed spravedlivost?<\/strong><\/p>\n\n\n\n<p>a) chamtivost<\/p>\n\n\n\n<p>b) po\u017eiva\u010dnost<\/p>\n\n\n\n<p>c) z\u00e1vist<\/p>\n\n\n\n<p>d) p\u00fdcha<\/p>\n<\/div>\n<\/div>\n\n\n\n<hr class=\"wp-block-separator\"\/>\n\n\n\n<p><strong>17. Kolikr\u00e1t podle slov P\u00e1na Je\u017e\u00ed\u0161e mus\u00edme odpou\u0161t\u011bt sv\u00fdm bli\u017en\u00edm?<\/strong><\/p>\n\n\n\n<p>a) 7<\/p>\n\n\n\n<p>b) 70<\/p>\n\n\n\n<p>c) 77<\/p>\n\n\n\n<p>d) 490<\/p>\n\n\n\n<p>e) 770<\/p>\n\n\n\n<hr class=\"wp-block-separator\"\/>\n\n\n\n<p>Odpov\u011bdi: 1.c, 2.d, 3.b, 4.a, 5.d, 6.c, 7.d, 8.a, 9.c, 10.a, 11.b, 12.c, 13.d, 14.e, 15.b, 16.c, 17.d.&nbsp;<\/p>\n","protected":false},"excerpt":{"rendered":"<p>1. Co je to h\u0159\u00edch? a) ka\u017ed\u00fd to definuje s\u00e1m b) zak\u00e1zan\u00e9 pot\u011b\u0161en\u00ed c) nemoc du\u0161e d) poru\u0161en\u00ed dogmat 2. V&nbsp;\u010dem spo\u010d\u00edval h\u0159\u00edch Adama a&hellip;<\/p>\n","protected":false},"author":1,"featured_media":1380,"comment_status":"closed","ping_status":"open","sticky":false,"template":"","format":"standard","meta":{"footnotes":""},"categories":[42],"tags":[56],"class_list":["post-1379","post","type-post","status-publish","format-standard","has-post-thumbnail","hentry","category-poznavaci-testy","tag-2019-02","has-post-thumbnail-archive"],"_links":{"self":[{"href":"https:\/\/www.hlas-pravoslavi.cz\/index.php\/wp-json\/wp\/v2\/posts\/1379","targetHints":{"allow":["GET"]}}],"collection":[{"href":"https:\/\/www.hlas-pravoslavi.cz\/index.php\/wp-json\/wp\/v2\/posts"}],"about":[{"href":"https:\/\/www.hlas-pravoslavi.cz\/index.php\/wp-json\/wp\/v2\/types\/post"}],"author":[{"embeddable":true,"href":"https:\/\/www.hlas-pravoslavi.cz\/index.php\/wp-json\/wp\/v2\/users\/1"}],"replies":[{"embeddable":true,"href":"https:\/\/www.hlas-pravoslavi.cz\/index.php\/wp-json\/wp\/v2\/comments?post=1379"}],"version-history":[{"count":1,"href":"https:\/\/www.hlas-pravoslavi.cz\/index.php\/wp-json\/wp\/v2\/posts\/1379\/revisions"}],"predecessor-version":[{"id":1381,"href":"https:\/\/www.hlas-pravoslavi.cz\/index.php\/wp-json\/wp\/v2\/posts\/1379\/revisions\/1381"}],"wp:featuredmedia":[{"embeddable":true,"href":"https:\/\/www.hlas-pravoslavi.cz\/index.php\/wp-json\/wp\/v2\/media\/1380"}],"wp:attachment":[{"href":"https:\/\/www.hlas-pravoslavi.cz\/index.php\/wp-json\/wp\/v2\/media?parent=1379"}],"wp:term":[{"taxonomy":"category","embeddable":true,"href":"https:\/\/www.hlas-pravoslavi.cz\/index.php\/wp-json\/wp\/v2\/categories?post=1379"},{"taxonomy":"post_tag","embeddable":true,"href":"https:\/\/www.hlas-pravoslavi.cz\/index.php\/wp-json\/wp\/v2\/tags?post=1379"}],"curies":[{"name":"wp","href":"https:\/\/api.w.org\/{rel}","templated":true}]}}