{"id":1372,"date":"2019-02-20T12:52:14","date_gmt":"2019-02-20T11:52:14","guid":{"rendered":"https:\/\/www.hlas-pravoslavi.cz\/?p=1372"},"modified":"2022-06-29T12:52:32","modified_gmt":"2022-06-29T11:52:32","slug":"zimni-pobyt-ve-vysokych-tatrach","status":"publish","type":"post","link":"https:\/\/www.hlas-pravoslavi.cz\/index.php\/2019\/02\/20\/zimni-pobyt-ve-vysokych-tatrach\/","title":{"rendered":"Zimn\u00ed pobyt ve Vysok\u00fdch Tatr\u00e1ch"},"content":{"rendered":"\n<p>B\u011bhem pobytu na letn\u00edm t\u00e1bo\u0159e v \u0158ecku u\u017e jsme v\u011bd\u011bli, \u017ee leto\u0161n\u00ed zimn\u00ed t\u00e1bor bude na Slovensku ve Vysok\u00fdch Tatr\u00e1ch. P\u0159\u00edprava tohoto pobytu nebyla v\u016fbec jednoduch\u00e1. Netrvala ani t\u00fdden, ani dva, je to pr\u00e1ce na n\u011bkolik m\u011bs\u00edc\u016f. Velmi \u010dasto si lid\u00e9 ani neuv\u011bdomuj\u00ed, co v\u0161echno bylo pot\u0159ebn\u00e9 dop\u0159edu promyslet a ud\u011blat. Nap\u0159\u00edklad jen doprava na Slovensko a mezi m\u011bsty nebo zajistit stravu anebo taky zajistit ly\u017ee pro ty, kte\u0159\u00ed je nevlastn\u00ed, program pro d\u011bti, aby se nenudily a taky aby jim to dalo n\u011bco do \u017eivota a aby sv\u016fj voln\u00fd \u010das netr\u00e1vily n\u011bkde na ulici, ale smyslupln\u011b.<\/p>\n\n\n\n<p>T\u00e9m\u011b\u0159 po p\u016fl roce p\u0159\u00edprav jsme to realizovali.<\/p>\n\n\n\n<p>Ve st\u0159edu 30. ledna v\u0161ichni m\u011bli sraz na Hlavn\u00edm n\u00e1dra\u017e\u00ed, kde nalo\u017eili zavazadla do auta (a bylo toho hodn\u011b), rodi\u010de odevzdali s d\u016fv\u011brou sv\u00e9 d\u011bti m\u00e1tu\u0161ce a otc\u016fm duchovn\u00edm, odkud tak\u00e9 odjeli vlakem do Popradu. J\u00e1 proto\u017ee jsem je\u0161t\u011b m\u011bl n\u011bjak\u00fd pracovn\u00ed hereck\u00fd z\u00e1vazek, tak jsem jel o n\u011bco pozd\u011bji autem s otcem Milanem.&nbsp;<\/p>\n\n\n\n<p>Cesta prob\u00edhla bez zbyte\u010dn\u00fdch probl\u00e9m\u016f a komplikac\u00ed. Po p\u0159\u00edjezdu jsme se ubytovali ve vesnici Vern\u00e1r v penzionu Such\u00e1. Ihned po p\u0159\u00edjezdu jsme si dali ve\u010de\u0159i, po kter\u00e9 je\u0161t\u011b n\u00e1sledovaly ve\u010dern\u00ed modlitby, a \u0161li jsme sp\u00e1t.<\/p>\n\n\n\n<p>&nbsp; Ve \u010dtvrtek r\u00e1no jsme vst\u00e1vali kolem osm\u00e9 rann\u00ed hodiny. Po rann\u00edch modlitb\u00e1ch a sn\u00eddani jsme se vypravili spole\u010dn\u011b na vlek ly\u017eovat. Slunce kr\u00e1sn\u011b sv\u00edtilo, po\u010das\u00ed bylo opravdu jako v poh\u00e1dce. Na svahu n\u011bkdo ly\u017eoval, n\u011bkdo jezdil na snowboardu nebo je\u0161t\u011b n\u011bkte\u0159\u00ed jezdili na bobech a snowtubech. Odsko\u010dili jsme si jen na ob\u011bd a zas zp\u011bt do ski are\u00e1lu, kde jsme byli do ve\u010dera. \u010ctvrte\u010dn\u00ed ve\u010der byl i duchovn\u00ed. Na ve\u010de\u0159i k n\u00e1m p\u0159i\u0161el prot. Vladim\u00edr Kocv\u00e1r (spr\u00e1vce PCO Poprad), kter\u00fd n\u00e1m nejd\u0159\u00edve vysv\u011btloval, co to jsou \u010dotky, k \u010demu slou\u017e\u00ed a smysl, pro\u010d je v\u011bt\u0161ina pravoslavn\u00fdch nos\u00ed na ruce. Modl\u00ed se na nich Je\u017e\u00ed\u0161ova modlitba a \u010dotky jsou p\u0159esn\u011b 33, proto\u017ee Je\u017e\u00ed\u0161 \u017eil 33 let. Po kr\u00e1tk\u00e9 prezentaci a vysv\u011btlen\u00ed jsme si je mohli sami upl\u00e9st. Na jedny \u010dotky jsme pot\u0159ebovali 4 metry. P\u0159ed t\u00edm ale \u0159\u00edkal, \u017ee to nen\u00ed pro ka\u017ed\u00e9ho. Ty nervy a trp\u011blivost do\u0161ly i mn\u011b, opravdu u\u017e jsem nemohl, proto\u017ee to chce opravdu velkou pozornost a soust\u0159ed\u011bn\u00ed, ale i tak jsem r\u00e1d, \u017ee jsme si to mohli vyzkou\u0161et. Den jsme ukon\u010dili spole\u010dn\u00fdmi modlitbami. V\u0161ichni jsme si \u0161li lehnout, proto\u017ee na druh\u00fd den jsme museli vst\u00e1vat brzy.<\/p>\n\n\n\n<p>V p\u00e1tek r\u00e1no probuzen\u00ed v sedm. Jako ka\u017ed\u00fd jin\u00fd den za\u010d\u00edn\u00e1 modlitbami a sn\u00eddan\u00ed. Po rychl\u00e9 sn\u00eddani jsme v\u0161ichni vyrazili na t\u00faru na Hrebienok. N\u011bkte\u0159\u00ed jeli autem a n\u011bkdo autobusem do Popradu, kde jsme se se\u0161li v\u0161ichni je\u0161t\u011b s v\u011b\u0159\u00edc\u00edmi z farnost\u00ed \u013dubica a Popradu. Spole\u010dn\u011b jsme odjeli vlakem do Star\u00e9ho Smokovce. T\u0159i kilometry cesta nahoru nikomu ned\u011blala probl\u00e9m, v\u0161ichni jsme ji zvl\u00e1dli velmi lehce. St\u00e1lo to za to. V\u00fdhled, ledov\u00e9 sochy&#8230; Cestou dol\u016f v\u0161ichni jeli na s\u00e1\u0148k\u00e1ch. Bylo to skv\u011bl\u00e9. Na n\u00e1dra\u017e\u00ed jsme po chv\u00edli nastoupili do vlaku a odjeli do Popradu. Nabit\u00fd program tohoto dne st\u00e1le nebyl u konce. V Popradu jsme v chr\u00e1m\u011b p\u0159ed ve\u010dern\u00ed jedli prav\u00e9 slovensk\u00e9 halu\u0161ky s bryndzou, kter\u00e9 pro n\u00e1s p\u0159ipravili m\u00edstn\u00ed v\u011b\u0159\u00edc\u00ed. Moc n\u00e1m chutnaly. V z\u00e1v\u011bru ve\u010dern\u00ed otec Vladim\u00edr v\u0161em pod\u011bkoval a pronesl velmi moudr\u00e1 a kr\u00e1sn\u00e1 slova: \u201cI takov\u00e9 v\u00fdlety jsou velmi d\u016fle\u017eit\u00e9, proto\u017ee mezi sebou navazujeme vztahy a spole\u010dn\u011b se modl\u00edme. V\u0161ichni jsme pravoslavn\u00ed. D\u011bti jsou na\u0161\u00ed p\u0159\u00edtomnost\u00ed, kter\u00e1 tu bude i pro budoucnost, proto d\u011bl\u00e1me v\u0161echno pro d\u011bti, vedeme je k l\u00e1sce k Bohu, chr\u00e1mu a v sob\u011b navz\u00e1jem.\u201d Vr\u00e1tili jsme se z v\u00fdletu a \u0161li jsme se nave\u010de\u0159et. Toho dne slavila Kamila sv\u00e9 osmn\u00e1ct\u00e9 narozeniny. V\u0161ichni jsme j\u00ed poblahop\u0159\u00e1li, pomodlili se a pak u\u017e ka\u017ed\u00fd relaxoval individu\u00e1ln\u011b. N\u011bkdo zp\u00edval, n\u011bkdo byl v saun\u011b a n\u011bkte\u0159\u00ed u\u017e \u0161li sp\u00e1t, proto\u017ee byli unaven\u00ed.<\/p>\n\n\n\n<p>&nbsp; Sobotn\u00ed den za\u010dal svatou liturgi\u00ed ve vesnici Vern\u00e1r. Na tento den p\u0159ipadl sv\u00e1tek Ob\u011btov\u00e1n\u00ed P\u00e1n\u011b (podle nov\u00e9ho stylu). Liturgii slou\u017eil prot. Jozef N\u011bm\u010d\u00edk (spr\u00e1vce PCO Vern\u00e1r), spolu s n\u00edm tak\u00e9 otec Milan, otec Vasyl a protodi\u00e1kon Valerij. Po liturgii sn\u00eddan\u011b a po n\u00ed hned ly\u017eov\u00e1n\u00ed. Po\u010das\u00ed toho dne nevypadalo nad\u011bjn\u011b, proto\u017ee pr\u0161elo, ale na\u0161t\u011bst\u00ed se pak rozsv\u00edtilo slunce a my jsme si to op\u011bt u\u017eili. Po pozd\u011bj\u0161\u00edm ob\u011bd\u011b jsme odjeli do obce \u013dubica, kde byla ve\u010dern\u00ed, po kter\u00e9 jsme odjeli do m\u00edstn\u00ed z\u00e1kladn\u00ed \u0161koly, kde na n\u00e1s \u010dekalo spousta z\u00e1bavy. Na t\u00e9to z\u00e1bav\u011b se zp\u00edvalo, tan\u010dilo, d\u011bti i sout\u011b\u017eily. J\u00eddlo bylo velmi chutn\u00e9. Nejlep\u0161\u00ed byl pro m\u011b gul\u00e1\u0161 a r\u016fzn\u00e9 sladk\u00e9 v\u00fdpe\u010dky. V\u0161ichni dostali n\u00e1dhern\u00e9 d\u00e1rky. Velk\u00e9 d\u00edky pat\u0159\u00ed v\u011b\u0159\u00edc\u00edm z PCO \u013dubica a prot. Petrovi Dobr\u00edkovi s jeho rodinou za p\u0159\u00edv\u011btivost, bohat\u00e9 poho\u0161t\u011bn\u00ed a skv\u011bl\u00fd ve\u010der. V\u0161ichni jsme si to moc u\u017eili. Byli jsme jako jedna velk\u00e1 rodina. Celou akci dokumentovala tam\u011bj\u0161\u00ed televize.&nbsp; Kolem dev\u00e1t\u00e9 hodiny ve\u010dern\u00ed jsme odjeli zp\u011bt na penzion, kde ka\u017ed\u00fd odpo\u010d\u00edval, jak cht\u011bl. V\u011bt\u0161ina kluk\u016f \u0161la do sauny. Pravdou je, \u017ee saunov\u00e1n\u00ed a n\u00e1sledn\u00e9 koup\u00e1n\u00ed ve sn\u011bhu je opravdu z\u00e1\u017eitek.<\/p>\n\n\n\n<p>Po brzk\u00e9m vst\u00e1v\u00e1n\u00ed jsme si zabalili kufry a odjeli na liturgii do \u013dubice. Chr\u00e1m je tady mali\u010dk\u00fd, ale n\u00e1dhern\u00fd. Moc m\u011b zaujaly malby na zdech a malebn\u00fd ikonostas. \u017deny zp\u00edvaly velmi hezky, l\u00edbila se mi melodie, kter\u00e1 se velmi \u010dasto rozd\u011blovala do dvouhlasu nebo trojhlasu. J\u00e1 jsem si s nimi zazp\u00edval t\u00e9\u017e, u\u017e se t\u011b\u0161\u00edm, a\u017e se n\u011bkdy vr\u00e1t\u00edm, \u017ee si s nimi zazp\u00edvam znovu. N\u00e1sledn\u011b jsme je\u0161t\u011b sn\u011bdli z\u00e1kusky, co zbyli z ve\u010dera, a jeli jsme na ob\u011bd do restaurace nedaleko m\u011bsta Ke\u017emarok. K ob\u011bdu byl \u0159\u00edzek s bramborovou ka\u0161\u00ed a ku\u0159ec\u00ed v\u00fdvar. Odtud jsme jeli do Popradu na n\u00e1dra\u017e\u00ed. Je\u0161t\u011b jsme m\u011bli chvilku \u010das, a tak jsme se proch\u00e1zeli po m\u011bst\u011b nebo za\u0161li do kav\u00e1rny.<\/p>\n\n\n\n<p>&nbsp; O p\u016fl pat\u00e9 n\u00e1m jel vlak do Prahy, a tak jsme se p\u0159esunuli na tam\u011bj\u0161\u00ed n\u00e1dra\u017e\u00ed. Cesta do Prahy utekla docela rychle. Ka\u017ed\u00fd jsme ji tr\u00e1vili jinak. J\u00e1 jsem se nap\u0159\u00edklad u\u010dil. N\u011bkte\u0159\u00ed si \u010detli, zp\u00edvali, surfovali na internetu nebo hr\u00e1li stoln\u00ed hry. V Praze na Hlavn\u00edm n\u00e1dra\u017e\u00ed u\u017e na n\u00e1s \u010dekali rodi\u010de. V\u0161ichni si vzali svoje v\u011bci, rozlou\u010dili se a odjeli dom\u016f.&nbsp;<\/p>\n\n\n\n<p>Pro m\u011b osobn\u011b se tento z\u00e1jezd vep\u00ed\u0161e do vzpom\u00ednek m\u00e9ho \u017eivota. Moc se mi l\u00edbily bohoslu\u017eby, na kter\u00fdch moc kr\u00e1sn\u011b m\u00edstn\u00ed \u017eeny zp\u00edvaly, a tak\u00e9 jsem poznal, jak \u017eij\u00ed pravoslavn\u00ed jinde. P\u0159\u00edroda ve Vysok\u00fdch Tatr\u00e1ch je \u00fa\u017easn\u00e1. Zm\u011bnilo to tak\u00e9 m\u016fj postoj k \u017eivotu na venkov\u011b. Ka\u017ed\u00fd v\u00fdlet s pravoslavnou \u0161kolou pro m\u011b je nezapomenuteln\u00fd z\u00e1\u017eitek. Na z\u00e1jezd\u011b se m\u011b ptali, pro\u010d jezd\u00edm je\u0161t\u011b na tyto v\u00fdlety, co m\u011b na nich tak bav\u00ed a jestli nejsem na to star\u00fd atd. \u2026 Odpov\u011bd\u011bl jsem: \u201cV\u00edte, i kdy\u017e je mi skoro osmn\u00e1ct, studuju st\u0159edn\u00ed \u0161kolu, m\u00e1m spousty jin\u00fdch z\u00e1vazk\u016f, tak stejn\u011b m\u011b to s t\u011bmi d\u011btmi bav\u00ed a jsem s nimi \u0161\u0165astn\u00fd.\u201d P\u016fvodn\u011b jsem v\u016fbec nemusel jet, mohl jsem pracovat, vyd\u011blat si pen\u00edze, nezame\u0161kat u\u010divo, zkou\u0161ky a mnoho jin\u00fdch v\u011bc\u00ed, ale j\u00e1 je u\u017e neberu jen jako pouh\u00e9 kamar\u00e1dy, ale jako rodinu a v\u017edy mi to stoj\u00ed za to a je to pro m\u011b srde\u010dn\u00ed z\u00e1le\u017eitost.&nbsp;<\/p>\n\n\n\n<p>Cht\u011bl bych za v\u0161echny pod\u011bkovat lidem, kte\u0159\u00ed se pod\u00edleli na organizaci tohoto \u00fa\u017easn\u00e9ho z\u00e1jezdu. Velk\u00e9 d\u00edky otci Vasylovi s m\u00e1tu\u0161kou Tatianou, ale nejv\u011bt\u0161\u00ed d\u00edky pat\u0159\u00ed otci Milanovi a m\u00e1tu\u0161ce Ivan\u011b, kte\u0159\u00ed toho pro n\u00e1s ud\u011blali opravdu hodn\u011b. Dej jim B\u016fh mnoho sil, milosti a mnoh\u00e1, blah\u00e1 l\u00e9ta. D\u00edky nim jsme si to takhle mohli u\u017e\u00edt. Nejv\u00edce se mi l\u00edbilo, \u017ee n\u00e1s vzali na m\u00edsto, ke kter\u00e9mu maj\u00ed osobn\u00ed vtah a n\u011bco o tom v\u011bd\u00ed. Otec Milan s rodinou \u017eil a slou\u017eil v \u013dubici \u010dtrn\u00e1ct let. Moc si v\u00e1\u017e\u00edm jej\u00edch pr\u00e1ce na tomto a v\u011b\u0159\u00edm, \u017ee si toho cen\u00ed a v\u00e1\u017e\u00ed v\u0161ichni z\u00fa\u010dastn\u011bn\u00ed d\u011bti i rodi\u010de. T\u011b\u0161\u00edme se s Bo\u017e\u00ed pomoc\u00ed na dal\u0161\u00ed v\u00fdlet.<\/p>\n\n\n\n<p>Petr Kuryltso, 17 let\u00a0<\/p>\n\n\n\n<figure class=\"wp-block-gallery has-nested-images columns-default is-cropped wp-block-gallery-1 is-layout-flex wp-block-gallery-is-layout-flex\">\n<figure class=\"wp-block-image size-large\"><a href=\"https:\/\/www.hlas-pravoslavi.cz\/wp-content\/uploads\/2022\/06\/slov_01.jpg\" data-lbwps-width=\"1600\" data-lbwps-height=\"1200\" data-lbwps-srcsmall=\"http:\/\/www.hlas-pravoslavi.cz\/wp-content\/uploads\/2022\/06\/slov_01-300x225.jpg\"><img loading=\"lazy\" decoding=\"async\" width=\"1024\" height=\"768\" data-id=\"1373\" src=\"https:\/\/www.hlas-pravoslavi.cz\/wp-content\/uploads\/2022\/06\/slov_01-1024x768.jpg\" alt=\"\" class=\"wp-image-1373\" srcset=\"https:\/\/www.hlas-pravoslavi.cz\/wp-content\/uploads\/2022\/06\/slov_01-1024x768.jpg 1024w, https:\/\/www.hlas-pravoslavi.cz\/wp-content\/uploads\/2022\/06\/slov_01-300x225.jpg 300w, https:\/\/www.hlas-pravoslavi.cz\/wp-content\/uploads\/2022\/06\/slov_01-768x576.jpg 768w, https:\/\/www.hlas-pravoslavi.cz\/wp-content\/uploads\/2022\/06\/slov_01-1536x1152.jpg 1536w, https:\/\/www.hlas-pravoslavi.cz\/wp-content\/uploads\/2022\/06\/slov_01.jpg 1600w\" sizes=\"auto, (max-width: 1024px) 100vw, 1024px\" \/><\/a><\/figure>\n\n\n\n<figure class=\"wp-block-image size-large\"><a href=\"https:\/\/www.hlas-pravoslavi.cz\/wp-content\/uploads\/2022\/06\/slov_03.jpg\" data-lbwps-width=\"1600\" data-lbwps-height=\"1200\" data-lbwps-srcsmall=\"http:\/\/www.hlas-pravoslavi.cz\/wp-content\/uploads\/2022\/06\/slov_03-300x225.jpg\"><img loading=\"lazy\" decoding=\"async\" width=\"1024\" height=\"768\" data-id=\"1374\" src=\"https:\/\/www.hlas-pravoslavi.cz\/wp-content\/uploads\/2022\/06\/slov_03-1024x768.jpg\" alt=\"\" class=\"wp-image-1374\" srcset=\"https:\/\/www.hlas-pravoslavi.cz\/wp-content\/uploads\/2022\/06\/slov_03-1024x768.jpg 1024w, https:\/\/www.hlas-pravoslavi.cz\/wp-content\/uploads\/2022\/06\/slov_03-300x225.jpg 300w, https:\/\/www.hlas-pravoslavi.cz\/wp-content\/uploads\/2022\/06\/slov_03-768x576.jpg 768w, https:\/\/www.hlas-pravoslavi.cz\/wp-content\/uploads\/2022\/06\/slov_03-1536x1152.jpg 1536w, https:\/\/www.hlas-pravoslavi.cz\/wp-content\/uploads\/2022\/06\/slov_03.jpg 1600w\" sizes=\"auto, (max-width: 1024px) 100vw, 1024px\" \/><\/a><\/figure>\n\n\n\n<figure class=\"wp-block-image size-large\"><a href=\"https:\/\/www.hlas-pravoslavi.cz\/wp-content\/uploads\/2022\/06\/slov_16.jpg\" data-lbwps-width=\"1800\" data-lbwps-height=\"1013\" data-lbwps-srcsmall=\"http:\/\/www.hlas-pravoslavi.cz\/wp-content\/uploads\/2022\/06\/slov_16-300x169.jpg\"><img loading=\"lazy\" decoding=\"async\" width=\"1024\" height=\"576\" data-id=\"1375\" src=\"https:\/\/www.hlas-pravoslavi.cz\/wp-content\/uploads\/2022\/06\/slov_16-1024x576.jpg\" alt=\"\" class=\"wp-image-1375\" srcset=\"https:\/\/www.hlas-pravoslavi.cz\/wp-content\/uploads\/2022\/06\/slov_16-1024x576.jpg 1024w, https:\/\/www.hlas-pravoslavi.cz\/wp-content\/uploads\/2022\/06\/slov_16-300x169.jpg 300w, https:\/\/www.hlas-pravoslavi.cz\/wp-content\/uploads\/2022\/06\/slov_16-768x432.jpg 768w, https:\/\/www.hlas-pravoslavi.cz\/wp-content\/uploads\/2022\/06\/slov_16-1536x864.jpg 1536w, https:\/\/www.hlas-pravoslavi.cz\/wp-content\/uploads\/2022\/06\/slov_16.jpg 1800w\" sizes=\"auto, (max-width: 1024px) 100vw, 1024px\" \/><\/a><\/figure>\n\n\n\n<figure class=\"wp-block-image size-large\"><a href=\"https:\/\/www.hlas-pravoslavi.cz\/wp-content\/uploads\/2022\/06\/slov_20.jpg\" data-lbwps-width=\"1600\" data-lbwps-height=\"1200\" data-lbwps-srcsmall=\"http:\/\/www.hlas-pravoslavi.cz\/wp-content\/uploads\/2022\/06\/slov_20-300x225.jpg\"><img loading=\"lazy\" decoding=\"async\" width=\"1024\" height=\"768\" data-id=\"1376\" src=\"https:\/\/www.hlas-pravoslavi.cz\/wp-content\/uploads\/2022\/06\/slov_20-1024x768.jpg\" alt=\"\" class=\"wp-image-1376\" srcset=\"https:\/\/www.hlas-pravoslavi.cz\/wp-content\/uploads\/2022\/06\/slov_20-1024x768.jpg 1024w, https:\/\/www.hlas-pravoslavi.cz\/wp-content\/uploads\/2022\/06\/slov_20-300x225.jpg 300w, https:\/\/www.hlas-pravoslavi.cz\/wp-content\/uploads\/2022\/06\/slov_20-768x576.jpg 768w, https:\/\/www.hlas-pravoslavi.cz\/wp-content\/uploads\/2022\/06\/slov_20-1536x1152.jpg 1536w, https:\/\/www.hlas-pravoslavi.cz\/wp-content\/uploads\/2022\/06\/slov_20.jpg 1600w\" sizes=\"auto, (max-width: 1024px) 100vw, 1024px\" \/><\/a><\/figure>\n\n\n\n<figure class=\"wp-block-image size-large\"><a href=\"https:\/\/www.hlas-pravoslavi.cz\/wp-content\/uploads\/2022\/06\/slov_24.jpg\" data-lbwps-width=\"1600\" data-lbwps-height=\"1200\" data-lbwps-srcsmall=\"http:\/\/www.hlas-pravoslavi.cz\/wp-content\/uploads\/2022\/06\/slov_24-300x225.jpg\"><img loading=\"lazy\" decoding=\"async\" width=\"1024\" height=\"768\" data-id=\"1377\" src=\"https:\/\/www.hlas-pravoslavi.cz\/wp-content\/uploads\/2022\/06\/slov_24-1024x768.jpg\" alt=\"\" class=\"wp-image-1377\" srcset=\"https:\/\/www.hlas-pravoslavi.cz\/wp-content\/uploads\/2022\/06\/slov_24-1024x768.jpg 1024w, https:\/\/www.hlas-pravoslavi.cz\/wp-content\/uploads\/2022\/06\/slov_24-300x225.jpg 300w, https:\/\/www.hlas-pravoslavi.cz\/wp-content\/uploads\/2022\/06\/slov_24-768x576.jpg 768w, https:\/\/www.hlas-pravoslavi.cz\/wp-content\/uploads\/2022\/06\/slov_24-1536x1152.jpg 1536w, https:\/\/www.hlas-pravoslavi.cz\/wp-content\/uploads\/2022\/06\/slov_24.jpg 1600w\" sizes=\"auto, (max-width: 1024px) 100vw, 1024px\" \/><\/a><\/figure>\n<\/figure>\n","protected":false},"excerpt":{"rendered":"<p>B\u011bhem pobytu na letn\u00edm t\u00e1bo\u0159e v \u0158ecku u\u017e jsme v\u011bd\u011bli, \u017ee leto\u0161n\u00ed zimn\u00ed t\u00e1bor bude na Slovensku ve Vysok\u00fdch Tatr\u00e1ch. P\u0159\u00edprava tohoto pobytu nebyla v\u016fbec&hellip;<\/p>\n","protected":false},"author":1,"featured_media":0,"comment_status":"closed","ping_status":"open","sticky":false,"template":"","format":"standard","meta":{"footnotes":""},"categories":[22],"tags":[56],"class_list":["post-1372","post","type-post","status-publish","format-standard","hentry","category-nedelni-skola","tag-2019-02"],"_links":{"self":[{"href":"https:\/\/www.hlas-pravoslavi.cz\/index.php\/wp-json\/wp\/v2\/posts\/1372","targetHints":{"allow":["GET"]}}],"collection":[{"href":"https:\/\/www.hlas-pravoslavi.cz\/index.php\/wp-json\/wp\/v2\/posts"}],"about":[{"href":"https:\/\/www.hlas-pravoslavi.cz\/index.php\/wp-json\/wp\/v2\/types\/post"}],"author":[{"embeddable":true,"href":"https:\/\/www.hlas-pravoslavi.cz\/index.php\/wp-json\/wp\/v2\/users\/1"}],"replies":[{"embeddable":true,"href":"https:\/\/www.hlas-pravoslavi.cz\/index.php\/wp-json\/wp\/v2\/comments?post=1372"}],"version-history":[{"count":1,"href":"https:\/\/www.hlas-pravoslavi.cz\/index.php\/wp-json\/wp\/v2\/posts\/1372\/revisions"}],"predecessor-version":[{"id":1378,"href":"https:\/\/www.hlas-pravoslavi.cz\/index.php\/wp-json\/wp\/v2\/posts\/1372\/revisions\/1378"}],"wp:attachment":[{"href":"https:\/\/www.hlas-pravoslavi.cz\/index.php\/wp-json\/wp\/v2\/media?parent=1372"}],"wp:term":[{"taxonomy":"category","embeddable":true,"href":"https:\/\/www.hlas-pravoslavi.cz\/index.php\/wp-json\/wp\/v2\/categories?post=1372"},{"taxonomy":"post_tag","embeddable":true,"href":"https:\/\/www.hlas-pravoslavi.cz\/index.php\/wp-json\/wp\/v2\/tags?post=1372"}],"curies":[{"name":"wp","href":"https:\/\/api.w.org\/{rel}","templated":true}]}}