{"id":1365,"date":"2019-02-20T12:42:48","date_gmt":"2019-02-20T11:42:48","guid":{"rendered":"https:\/\/www.hlas-pravoslavi.cz\/?p=1365"},"modified":"2022-06-29T12:43:08","modified_gmt":"2022-06-29T11:43:08","slug":"cirkev-a-komunikace","status":"publish","type":"post","link":"https:\/\/www.hlas-pravoslavi.cz\/index.php\/2019\/02\/20\/cirkev-a-komunikace\/","title":{"rendered":"C\u00edrkev a komunikace"},"content":{"rendered":"\n<p><strong>Katolick\u00e1 c\u00edrkev dob\u00fdv\u00e1 internetov\u00e9 prostranstv\u00ed<\/strong><\/p>\n\n\n\n<p>K\u0159es\u0165ansk\u00e9 c\u00edrkve \u010dasto b\u00fdvaj\u00ed obvi\u0148ov\u00e1ny z&nbsp;toho, \u017ee nevych\u00e1z\u00ed vst\u0159\u00edc pot\u0159eb\u00e1m sou\u010dasn\u00e9ho \u010dlov\u011bka, nemluv\u00ed jeho jazykem, nezapojuj\u00ed se do jeho \u017eivota. C\u00edrkev pr\u00fd zauj\u00edm\u00e1 margin\u00e1ln\u00ed postaven\u00ed ve spole\u010dnosti a je k&nbsp;ni\u010demu. R\u016fzn\u00e1 k\u0159es\u0165ansk\u00e1 odv\u011btv\u00ed se tento probl\u00e9m sna\u017e\u00ed \u0159e\u0161it r\u016fzn\u011b. \u0158\u00edmskokatolick\u00e1 c\u00edrkev ned\u00e1vno prezentovala svou novou snahu nav\u00e1zat komunikaci s&nbsp;ml\u00e1de\u017e\u00ed. Na internetu se ji\u017e objevilo negativn\u00ed hodnocen\u00ed takov\u00e9ho p\u0159\u00edstupu ze strany Rusk\u00e9 pravoslavn\u00e9 c\u00edrkve. O co vlastn\u011b jde a co si o tom mysl\u00ed \u010de\u0161t\u00ed pravoslavn\u00ed?&nbsp;<\/p>\n\n\n\n<p>\u0158\u00edmsk\u00fd pape\u017e Franti\u0161ek I. zah\u00e1jil nov\u00fd projekt \u201eClick to pray\u201c (Klikni, aby ses pomodlil) v&nbsp;r\u00e1mci tzv. Sv\u011btov\u00e9 modlitebn\u00ed s\u00edt\u011b. \u201eClick to pray\u201c je mobiln\u00ed aplikace, kter\u00e1 podle z\u00e1m\u011bru jejich autor\u016f spojuje modlitbu jednotlivce s&nbsp;cel\u00fdm sv\u011btem. Aplikace nab\u00edz\u00ed m\u011bs\u00ed\u010dn\u00ed poselstv\u00ed a modlitbu samotn\u00e9ho pape\u017ee na konkr\u00e9tn\u00ed t\u00e9ma, t\u0159i modlitebn\u00ed inspirace na ka\u017ed\u00fd den (rann\u00ed, poledn\u00ed a ve\u010dern\u00ed) a modlitby u\u017eivatel\u016f aplikace. Pod ka\u017edou modlitbou je um\u00edst\u011bno tla\u010d\u00edtko \u201eClick to pray\u201c. U\u017eivatel, kter\u00e9mu se modlitba l\u00edbila, ji m\u016f\u017ee takov\u00fdm zp\u016fsobem ohodnotit. Je to n\u011bco na zp\u016fsob \u201elajk\u016f\u201c v&nbsp;soci\u00e1ln\u00edch s\u00edt\u00edch.&nbsp;<\/p>\n\n\n\n<p>Sv\u011btov\u00e1 modlitebn\u00ed s\u00ed\u0165 (Worldwide Prayer Network) je glob\u00e1ln\u00ed projekt \u0158\u00edmskokatolick\u00e9 c\u00edrkve, jeho\u017e c\u00edlem je hled\u00e1n\u00ed \u0159e\u0161en\u00ed probl\u00e9m\u016f, kter\u00fdm \u010del\u00ed lidstvo a rozvoj c\u00edrkevn\u00ed misie. Ka\u017ed\u00fd m\u011bs\u00edc pape\u017e navrhuje t\u00e9ma, spojen\u00e9 s&nbsp;n\u011bjak\u00fdm glob\u00e1ln\u00edm probl\u00e9mem, a vyz\u00fdv\u00e1 v\u011b\u0159\u00edc\u00ed po cel\u00e9m sv\u011bt\u011b, aby se v\u011bnovali \u0159e\u0161en\u00ed tohoto probl\u00e9mu, a to jak modlitebn\u011b, tak \u010dinn\u011b.<\/p>\n\n\n\n<p>T\u00e9matem pro \u00fanor je nap\u0159\u00edklad obchod s&nbsp;lidmi, n\u00e1sil\u00ed a prostituce. T\u00e9ma prov\u00e1z\u00ed modlitba pape\u017ee za ob\u011bti t\u011bchto zlo\u010din\u016f a n\u00e1vrhy na konkr\u00e9tn\u00ed kroky. Tak t\u0159eba pape\u017e doporu\u010duje v\u011b\u0159\u00edc\u00edm, aby poskytli dobrovolnickou pomoc organizac\u00edm, kter\u00e9 se touto problematikou zab\u00fdvaj\u00ed, a uspo\u0159\u00e1dali modlitebn\u00ed setk\u00e1n\u00ed sv\u00e9 farnosti na podporu ob\u011bt\u00ed. D\u00e1le mobiln\u00ed aplikace nab\u00edz\u00ed t\u0159i denn\u00ed modlitby, kter\u00e9 jsou tak\u00e9 spojen\u00e9 s&nbsp;hlavn\u00edm t\u00e9matem. T\u0159eba v rann\u00ed modlitb\u011b 5. \u00fanora se v\u011b\u0159\u00edc\u00ed obr\u00e1t\u00ed na sv. Ag\u00e1tu, kter\u00e1 byla obt\u011b\u017eov\u00e1na m\u011bstsk\u00fdm prefektem, prod\u00e1na do nev\u011bstince a pak mu\u010dena a usmrcena. Modl\u00edc\u00ed se \u017e\u00e1d\u00e1 sv\u011btici, aby poskytla svou ochranu v\u0161em ob\u011btem n\u00e1sil\u00ed. A nakonec na str\u00e1nce \u201ePray with the network\u201c ka\u017ed\u00fd u\u017eivatel m\u00e1 mo\u017enost navrhnout svou modlitbu, kter\u00e1 m\u016f\u017ee, ale nemus\u00ed b\u00fdt tak\u00e9 spojen\u00e1 s&nbsp;t\u00e9matem m\u011bs\u00edce. Pod ka\u017edou takovou modlitbou se nach\u00e1z\u00ed tla\u010d\u00edtko \u201eClick to pray\u201c, a je vid\u011bt, kolik klik\u016f m\u00e1 ta \u010di ona modlitba.<\/p>\n\n\n\n<p>Projekt je zam\u011b\u0159en p\u0159edev\u0161\u00edm na ml\u00e1de\u017e. Proto se na\u0161e redakce rozhodla ud\u011blat mal\u00fd pr\u016fzkum a zeptala se mlad\u00fdch pravoslavn\u00fdch v\u011b\u0159\u00edc\u00edch, co si o tomto projektu mysl\u00ed.<\/p>\n\n\n\n<p><strong>Oxana, 26 let<\/strong>: \u201eDne\u0161n\u00ed ml\u00e1de\u017e je nep\u0159edstaviteln\u00e1 bez soci\u00e1ln\u00edch s\u00edt\u00ed. Ka\u017ed\u00fd m\u00e1 svou str\u00e1nku minim\u00e1ln\u011b v&nbsp;jedn\u00e9 z&nbsp;nich \u2013 facebook, instagram, twitter, vkontakte atd. Ml\u00e1de\u017e \u017eije on-line. Mysl\u00edm si, \u017ee ten pape\u017e\u016fv projekt nen\u00ed \u0161patn\u00fd. \u010clov\u011bk napsal jakousi svou modlitbu o n\u011b\u010dem, co ho te\u010f tr\u00e1p\u00ed, a m\u00e1 t\u0159eba p\u011bt klik\u016f. Mo\u017en\u00e1 se mu ulevilo. Pod\u00edvej, tady n\u011bkdo p\u00ed\u0161e, \u017ee m\u00e1 depresi, a dostal \u010dtrn\u00e1ct klik\u016f, vid\u00ed, \u017ee nen\u00ed na tomto sv\u011bt\u011b s\u00e1m, a jeho brat\u0159\u00ed v&nbsp;Kristu se s&nbsp;n\u00edm modl\u00ed. Samoz\u0159ejm\u011b nikdo ne\u0159\u00edk\u00e1, \u017ee to m\u016f\u017ee nahradit c\u00edrkev nebo rozhovor s&nbsp;duchovn\u00edm, ale pro n\u011bkoho takov\u00fd zp\u016fsob je vhodn\u011bj\u0161\u00ed, m\u016f\u017ee zachovat svou anonymitu. Nen\u00ed to \u0161patn\u00fd n\u00e1pad, ale nev\u00edm, jestli by se hodil pro m\u011b. Nev\u00edm tak\u00e9, jestli by n\u011bco podobn\u00e9ho mohlo existovat v&nbsp;pravoslavn\u00e9m sv\u011bt\u011b. Mo\u017en\u00e1 jo, ale sp\u00ed\u0161 jako n\u00e1stroj pro komunikaci, ne\u017e jako skute\u010dn\u00e9 modlitebn\u00ed spojen\u00ed. Mlad\u00ed chod\u00ed do chr\u00e1mu, ale zdaleka ne v\u017edy jsou schopn\u00ed nav\u00e1zat kontakt uvnit\u0159 c\u00edrkve. A kdyby existovala pravoslavn\u00e1 soci\u00e1ln\u00ed s\u00ed\u0165 bez ve\u0161ker\u00fdch hloupost\u00ed, reklamy \u010di spamu, mohlo by to b\u00fdt k&nbsp;u\u017eitku. Mohlo by n\u00e1s to inspirovat. Tady, d\u00edvej, d\u00e1 se to sd\u011blit na facebooku nebo&nbsp;twitteru, aby se tv\u00ed kamar\u00e1di taky zapojili do modlitby. Mlad\u00fd v\u011b\u0159\u00edc\u00ed to m\u016f\u017ee m\u00edt po ruce, v&nbsp;mobilu. P\u0159ijde ti zpr\u00e1va, \u017ee se n\u011bkdo s&nbsp;tebou pomodlil, a najednou m\u00e1\u0161 dobrou n\u00e1ladu. Aplikace je dob\u0159e promy\u0161len\u00e1. Je to rozhodn\u011b lep\u0161\u00ed ne\u017e se zab\u00fdvat hloupostmi. Soci\u00e1ln\u00ed s\u00edt\u011b n\u00e1s v&nbsp;ka\u017ed\u00e9m p\u0159\u00edpad\u011b ovliv\u0148uj\u00ed, tak a\u0165 u\u017e p\u0159in\u00e1\u0161\u00ed dobro. Je lep\u0161\u00ed kliknout modlitbu, ne\u017e fotku Justina Biebera a modlit se k Bohu, a ne k popul\u00e1rn\u00edmu zp\u011bv\u00e1kovi. Tak\u017ee pro\u010d ne? Nov\u00e9 neznamen\u00e1 \u0161patn\u00e9.\u201c<\/p>\n\n\n\n<p><strong>Polina, 30 let<\/strong>: \u201eJe to o\u010dividn\u00e1 snaha katolick\u00e9 c\u00edrkve j\u00edt s&nbsp;dobou. Na jednu stranu se d\u00e1 hodnotit tato aplikace pozitivn\u011b jako prost\u0159edek modlitebn\u00ed komunikace. Ale p\u0159esto pochybuji, \u017ee bych pou\u017e\u00edvala jej\u00ed pravoslavnou verzi, kdyby takov\u00e1 existovala. Mn\u011b \u00fapln\u011b sta\u010d\u00ed mo\u017enost osobn\u00ed modlitby, n\u00e1v\u0161t\u011bva chr\u00e1mu, modlitebn\u00ed komunikace s&nbsp;bl\u00edzk\u00fdm kruhem rodinn\u00fdch p\u0159\u00edslu\u0161n\u00edk\u016f a zn\u00e1m\u00fdch. V\u016fbec si nep\u0159eji d\u011blit se o sv\u00e9 du\u0161evn\u00ed pro\u017eitky s&nbsp;cel\u00fdm sv\u011btem. Ale ze m\u011b mluv\u00ed introvert. V&nbsp;sou\u010dasn\u00e9m sv\u011bt\u011b, kde se prudce rozv\u00edj\u00ed virtu\u00e1ln\u00ed komunikace, je to dost efektivn\u00ed zp\u016fsob zaujmout a zapojit do c\u00edrkevn\u00edho \u017eivota v\u00edc mlad\u00fdch. Ale z\u00e1kladem takov\u00e9 aplikace bych rad\u0161i vid\u011bla vzd\u011bl\u00e1vac\u00ed a informa\u010dn\u00ed funkci.\u201c<\/p>\n\n\n\n<p><strong>Roman, 23 let<\/strong>: \u201eExistuje poku\u0161en\u00ed hodnotit tuto aplikaci pozitivn\u011b. Ano, je zam\u011b\u0159en\u00e1 na ml\u00e1de\u017e, \u201emluv\u00ed\u201c jazykem ml\u00e1de\u017ee, m\u00e1 velmi pozitivn\u00ed c\u00edl, \u010del\u00ed v\u00fdzv\u00e1m sou\u010dasn\u00e9ho sv\u011bta. Ale p\u0159esto je to velk\u00e1 z\u00e1m\u011bna skute\u010dn\u00e9 modlitby n\u011b\u010d\u00edm jin\u00fdm, co modlitbou nen\u00ed. Kliknout neznamen\u00e1 pomodlit se. Modlitba je t\u011b\u017ekou nam\u00e1havou prac\u00ed, a katol\u00edci se t\u00edmto pokou\u0161\u00ed maxim\u00e1ln\u011b usnadnit modlitbu. V\u00a0t\u00e9to pape\u017esk\u00e9 iniciativ\u011b je samoz\u0159ejm\u011b hodn\u011b pozitivn\u00edho. Ale pro\u010d tomu \u0159\u00edkat modlitba? Je to soci\u00e1ln\u00ed probouzen\u00ed, slou\u017een\u00ed, vz\u00e1jemn\u00e9 podporov\u00e1n\u00ed. Ne\u0159ekl n\u00e1hodou n\u00e1\u0161 P\u00e1n Je\u017e\u00ed\u0161 Kristus: \u201eKdy\u017e ty se modl\u00ed\u0161, vejdi do sv\u00e9ho pokoj\u00edku, zav\u0159i za sebou dve\u0159e a modli se k sv\u00e9mu Otci\u2026 a tv\u016fj Otec, kter\u00fd vid\u00ed, co je skryto, ti odplat\u00ed\u201c? Nev\u00edm, takov\u00e9mu klikov\u00e1n\u00ed bych ne\u0159\u00edkal modlitba.\u201c<\/p>\n\n\n\n<figure class=\"wp-block-gallery has-nested-images columns-default is-cropped wp-block-gallery-1 is-layout-flex wp-block-gallery-is-layout-flex\">\n<figure class=\"wp-block-image size-large\"><img loading=\"lazy\" decoding=\"async\" width=\"576\" height=\"1024\" data-id=\"1366\" src=\"https:\/\/www.hlas-pravoslavi.cz\/wp-content\/uploads\/2022\/06\/Screenshot_2019-02-05-20-32-23-759_com.lamachi.clicktopray-576x1024.png\" alt=\"\" class=\"wp-image-1366\" srcset=\"https:\/\/www.hlas-pravoslavi.cz\/wp-content\/uploads\/2022\/06\/Screenshot_2019-02-05-20-32-23-759_com.lamachi.clicktopray-576x1024.png 576w, https:\/\/www.hlas-pravoslavi.cz\/wp-content\/uploads\/2022\/06\/Screenshot_2019-02-05-20-32-23-759_com.lamachi.clicktopray-169x300.png 169w, https:\/\/www.hlas-pravoslavi.cz\/wp-content\/uploads\/2022\/06\/Screenshot_2019-02-05-20-32-23-759_com.lamachi.clicktopray.png 720w\" sizes=\"auto, (max-width: 576px) 100vw, 576px\" \/><\/figure>\n\n\n\n<figure class=\"wp-block-image size-large\"><img loading=\"lazy\" decoding=\"async\" width=\"576\" height=\"1024\" data-id=\"1367\" src=\"https:\/\/www.hlas-pravoslavi.cz\/wp-content\/uploads\/2022\/06\/Screenshot_2019-02-05-20-32-59-936_com.lamachi.clicktopray-576x1024.png\" alt=\"\" class=\"wp-image-1367\" srcset=\"https:\/\/www.hlas-pravoslavi.cz\/wp-content\/uploads\/2022\/06\/Screenshot_2019-02-05-20-32-59-936_com.lamachi.clicktopray-576x1024.png 576w, https:\/\/www.hlas-pravoslavi.cz\/wp-content\/uploads\/2022\/06\/Screenshot_2019-02-05-20-32-59-936_com.lamachi.clicktopray-169x300.png 169w, https:\/\/www.hlas-pravoslavi.cz\/wp-content\/uploads\/2022\/06\/Screenshot_2019-02-05-20-32-59-936_com.lamachi.clicktopray.png 720w\" sizes=\"auto, (max-width: 576px) 100vw, 576px\" \/><\/figure>\n<\/figure>\n","protected":false},"excerpt":{"rendered":"<p>Katolick\u00e1 c\u00edrkev dob\u00fdv\u00e1 internetov\u00e9 prostranstv\u00ed K\u0159es\u0165ansk\u00e9 c\u00edrkve \u010dasto b\u00fdvaj\u00ed obvi\u0148ov\u00e1ny z&nbsp;toho, \u017ee nevych\u00e1z\u00ed vst\u0159\u00edc pot\u0159eb\u00e1m sou\u010dasn\u00e9ho \u010dlov\u011bka, nemluv\u00ed jeho jazykem, nezapojuj\u00ed se do jeho \u017eivota.&hellip;<\/p>\n","protected":false},"author":1,"featured_media":0,"comment_status":"closed","ping_status":"open","sticky":false,"template":"","format":"standard","meta":{"footnotes":""},"categories":[13],"tags":[56],"class_list":["post-1365","post","type-post","status-publish","format-standard","hentry","category-cirkev-a-spolecnost","tag-2019-02"],"_links":{"self":[{"href":"https:\/\/www.hlas-pravoslavi.cz\/index.php\/wp-json\/wp\/v2\/posts\/1365","targetHints":{"allow":["GET"]}}],"collection":[{"href":"https:\/\/www.hlas-pravoslavi.cz\/index.php\/wp-json\/wp\/v2\/posts"}],"about":[{"href":"https:\/\/www.hlas-pravoslavi.cz\/index.php\/wp-json\/wp\/v2\/types\/post"}],"author":[{"embeddable":true,"href":"https:\/\/www.hlas-pravoslavi.cz\/index.php\/wp-json\/wp\/v2\/users\/1"}],"replies":[{"embeddable":true,"href":"https:\/\/www.hlas-pravoslavi.cz\/index.php\/wp-json\/wp\/v2\/comments?post=1365"}],"version-history":[{"count":1,"href":"https:\/\/www.hlas-pravoslavi.cz\/index.php\/wp-json\/wp\/v2\/posts\/1365\/revisions"}],"predecessor-version":[{"id":1368,"href":"https:\/\/www.hlas-pravoslavi.cz\/index.php\/wp-json\/wp\/v2\/posts\/1365\/revisions\/1368"}],"wp:attachment":[{"href":"https:\/\/www.hlas-pravoslavi.cz\/index.php\/wp-json\/wp\/v2\/media?parent=1365"}],"wp:term":[{"taxonomy":"category","embeddable":true,"href":"https:\/\/www.hlas-pravoslavi.cz\/index.php\/wp-json\/wp\/v2\/categories?post=1365"},{"taxonomy":"post_tag","embeddable":true,"href":"https:\/\/www.hlas-pravoslavi.cz\/index.php\/wp-json\/wp\/v2\/tags?post=1365"}],"curies":[{"name":"wp","href":"https:\/\/api.w.org\/{rel}","templated":true}]}}