{"id":1356,"date":"2019-02-20T12:32:49","date_gmt":"2019-02-20T11:32:49","guid":{"rendered":"https:\/\/www.hlas-pravoslavi.cz\/?p=1356"},"modified":"2022-06-29T12:33:06","modified_gmt":"2022-06-29T11:33:06","slug":"novy-svetec-nasi-cirkve","status":"publish","type":"post","link":"https:\/\/www.hlas-pravoslavi.cz\/index.php\/2019\/02\/20\/novy-svetec-nasi-cirkve\/","title":{"rendered":"Nov\u00fd sv\u011btec na\u0161\u00ed c\u00edrkve"},"content":{"rendered":"\n<p>Dne 29. 1. 2019 za\u0159adil na sv\u00e9m zased\u00e1n\u00ed Synod Pravoslavn\u00e9 c\u00edrkve v \u010cesk\u00fdch zem\u00edch a na Slovensku do spisu svat\u00fdch novomu\u010dedn\u00edka otce Stanislava Nasadila. Novomu\u010dedn\u00edk otec Stanislav Nasadil se narodil 20. 10. 1907 v Lo\u0161tic\u00edch u Mohelnice. Do Srbska ode\u0161el studovat teologii pro obnovuj\u00edc\u00ed se pravoslav\u00ed v roce 1923. Odj\u00ed\u017ed\u011bl spole\u010dn\u011b s otcem Vladim\u00edrem Pet\u0159kem, jen\u017e zem\u0159el mu\u010dednickou smrt\u00ed 5. 9. 1942 v Kobylis\u00edch za ukr\u00fdv\u00e1n\u00ed para\u0161utist\u016f, kte\u0159\u00ed zast\u0159elili Reinharda Heydricha. Budouc\u00ed otec Stanislav za\u010dal sv\u00e9 studium ve Sremsk\u00fdch Karlovc\u00edch, odkud p\u0159e\u0161el do Bitoly (dnes Makedonie), kde roku 1928 zavr\u0161il studium teologie. Potom slou\u017eil v hornokarlovack\u00e9 eparchii na farnosti Li\u010dka Jasenica. B\u011bhem druh\u00e9 sv\u011btov\u00e9 v\u00e1lky se stal otec Stanislav Nasadil jako tis\u00edce pravoslavn\u00fdch lid\u00ed ob\u011bt\u00ed usta\u0161ovsk\u00e9ho \u0159\u00e1d\u011bn\u00ed. V \u010dervnu 1941 byl se sv\u00fdm biskupem S\u00e1vou Trlaji\u010dem zat\u010den a mu\u010den mj. usta\u0161ovsk\u00fdm zlo\u010dincem Josipem Tomljenovi\u010dem a n\u00e1sledn\u011b v koncentra\u010dn\u00edm t\u00e1bo\u0159e Gospi\u010d p\u0159ijal mu\u010dednickou korunu. V Srbsk\u00e9 pravoslavn\u00e9 c\u00edrkvi byl p\u0159ipo\u010dten ke svat\u00fdm v roce 1961.<\/p>\n\n\n\n<p>Za\u0159azen\u00ed novomu\u010dedn\u00edka otce Stanislava Nasadila do spisu svat\u00fdch Pravoslavn\u00e9 c\u00edrkve v \u010desk\u00fdch zem\u00edch a na Slovensku krom\u011b jeho pam\u00e1tky mimo jin\u00e9 p\u0159ipom\u00edn\u00e1 \u00fa\u010dast a podporu Srbsk\u00e9 pravoslavn\u00e9 c\u00edrkve p\u0159i obnov\u011b pravoslav\u00ed v prvorepublikov\u00e9m \u010ceskoslovensku a tak\u00e9 utrpen\u00ed pravoslavn\u00fdch Srb\u016f b\u011bhem usta\u0161ovsk\u00e9ho teroru.<\/p>\n\n\n\n<p>Pam\u00e1tka novomu\u010dedn\u00edka otce Stanislava Nasadila bude slavena v\u017edy 20. 6. v den jeho odvle\u010den\u00ed do koncentra\u010dn\u00edho t\u00e1bora Gospi\u010d.<\/p>\n","protected":false},"excerpt":{"rendered":"<p>Dne 29. 1. 2019 za\u0159adil na sv\u00e9m zased\u00e1n\u00ed Synod Pravoslavn\u00e9 c\u00edrkve v \u010cesk\u00fdch zem\u00edch a na Slovensku do spisu svat\u00fdch novomu\u010dedn\u00edka otce Stanislava Nasadila. Novomu\u010dedn\u00edk&hellip;<\/p>\n","protected":false},"author":1,"featured_media":1357,"comment_status":"closed","ping_status":"open","sticky":false,"template":"","format":"standard","meta":{"footnotes":""},"categories":[9],"tags":[56],"class_list":["post-1356","post","type-post","status-publish","format-standard","has-post-thumbnail","hentry","category-zpravy-z-eparchii","tag-2019-02","has-post-thumbnail-archive"],"_links":{"self":[{"href":"https:\/\/www.hlas-pravoslavi.cz\/index.php\/wp-json\/wp\/v2\/posts\/1356","targetHints":{"allow":["GET"]}}],"collection":[{"href":"https:\/\/www.hlas-pravoslavi.cz\/index.php\/wp-json\/wp\/v2\/posts"}],"about":[{"href":"https:\/\/www.hlas-pravoslavi.cz\/index.php\/wp-json\/wp\/v2\/types\/post"}],"author":[{"embeddable":true,"href":"https:\/\/www.hlas-pravoslavi.cz\/index.php\/wp-json\/wp\/v2\/users\/1"}],"replies":[{"embeddable":true,"href":"https:\/\/www.hlas-pravoslavi.cz\/index.php\/wp-json\/wp\/v2\/comments?post=1356"}],"version-history":[{"count":1,"href":"https:\/\/www.hlas-pravoslavi.cz\/index.php\/wp-json\/wp\/v2\/posts\/1356\/revisions"}],"predecessor-version":[{"id":1358,"href":"https:\/\/www.hlas-pravoslavi.cz\/index.php\/wp-json\/wp\/v2\/posts\/1356\/revisions\/1358"}],"wp:featuredmedia":[{"embeddable":true,"href":"https:\/\/www.hlas-pravoslavi.cz\/index.php\/wp-json\/wp\/v2\/media\/1357"}],"wp:attachment":[{"href":"https:\/\/www.hlas-pravoslavi.cz\/index.php\/wp-json\/wp\/v2\/media?parent=1356"}],"wp:term":[{"taxonomy":"category","embeddable":true,"href":"https:\/\/www.hlas-pravoslavi.cz\/index.php\/wp-json\/wp\/v2\/categories?post=1356"},{"taxonomy":"post_tag","embeddable":true,"href":"https:\/\/www.hlas-pravoslavi.cz\/index.php\/wp-json\/wp\/v2\/tags?post=1356"}],"curies":[{"name":"wp","href":"https:\/\/api.w.org\/{rel}","templated":true}]}}