{"id":1325,"date":"2022-06-28T11:39:28","date_gmt":"2022-06-28T10:39:28","guid":{"rendered":"https:\/\/www.hlas-pravoslavi.cz\/?p=1325"},"modified":"2022-06-28T11:39:29","modified_gmt":"2022-06-28T10:39:29","slug":"dvanact-drahokamu-nebeskeho-jeruzalema","status":"publish","type":"post","link":"https:\/\/www.hlas-pravoslavi.cz\/index.php\/2022\/06\/28\/dvanact-drahokamu-nebeskeho-jeruzalema\/","title":{"rendered":"Dvan\u00e1ct drahokam\u016f nebesk\u00e9ho Jeruzal\u00e9ma"},"content":{"rendered":"\n<p>21. kapitola knihy Zjeven\u00ed zmi\u0148uje dvan\u00e1ct drahokam\u016f, kter\u00e9 zdob\u00ed nebesk\u00fd Jeruzal\u00e9m: Z\u00e1klady hradeb toho m\u011bsta jsou sam\u00fd drahokam: prvn\u00ed z\u00e1kladn\u00ed k\u00e1men je jaspis, druh\u00fd saf\u00edr, t\u0159et\u00ed chalcedon, \u010dtvrt\u00fd smaragd, p\u00e1t\u00fd sardonyx, \u0161est\u00fd karneol, sedm\u00fd chrysolit, osm\u00fd beryl, dev\u00e1t\u00fd topas, des\u00e1t\u00fd chrysopras, jeden\u00e1ct\u00fd hyacint a dvan\u00e1ct\u00fd ametyst (21:19\u201320).<\/p>\n\n\n\n<p>V\u0161echny tyto drahokamy jsou anizotropn\u00ed, tzn. \u017ee v&nbsp;tak zvan\u00e9m \u010dist\u00e9m sv\u011btle mohou zobrazovat barevn\u00e9 vzory. Drahokamy lze klasifikovat bu\u010f jako anizotropn\u00ed nebo izotropn\u00ed. P\u0159i pohledu v k\u0159\u00ed\u017eov\u011b polarizovan\u00e9m sv\u011btle tvo\u0159\u00ed anizotropn\u00ed kameny barevnou matrici, kter\u00e1 odr\u00e1\u017e\u00ed v\u0161echny barvy duhy, zat\u00edmco izotropn\u00ed kameny zcela ztr\u00e1cej\u00ed svou barvu a zdaj\u00ed se \u010dern\u00e9.<\/p>\n\n\n\n<p>Pouze \u0161estn\u00e1ct ze v\u0161ech drahokam\u016f je anizotropn\u00edch, a dvan\u00e1ct z&nbsp;nich zm\u00ednil evangelista Jan ve sv\u00e9 knize Zjeven\u00ed. Tento fakt se zd\u00e1 b\u00fdt je\u0161t\u011b p\u0159ekvapiv\u011bj\u0161\u00ed, kdy\u017e si vzpomeneme, \u017ee kniha Zjeven\u00ed byla naps\u00e1na p\u0159ed dv\u011bma tis\u00edci lety, a anizotropie byla odkryta relativn\u011b ned\u00e1vno.<\/p>\n\n\n\n<p>Lze p\u0159edpokl\u00e1dat, \u017ee nebesk\u00e9 sv\u011btlo bude podobn\u00e9 \u201e\u010dist\u00e9mu\u201c k\u0159\u00ed\u017eov\u011b polarizovan\u00e9mu sv\u011btlu, kter\u00e9 se bude vyza\u0159ovat skrze drahokamy zm\u00edn\u011bn\u00e9 v&nbsp;Apokalypse. Je mo\u017en\u00e9, \u017ee se B\u016fh p\u0159i v\u00fdb\u011bru kamen\u016f pro Nov\u00fd Jeruzal\u00e9m, nov\u00e9 nebe, z\u00e1m\u011brn\u011b vyhnul kamen\u016fm, kter\u00e9 by v&nbsp;takov\u00e9m sv\u011btle ztratily barvu, a m\u00edsto toho zvolil kameny, kter\u00e9 rozptyluj\u00ed sv\u011btlo a vytv\u00e1\u0159ej\u00ed t\u0159pytiv\u00e9 duhov\u00e9 efekty?<\/p>\n\n\n\n<p>Pro\u010d ne? B\u016fh vyb\u00edr\u00e1 to nejlep\u0161\u00ed. A pokud nebesk\u00e9 m\u011bsto bude \u201ez ryz\u00edho zlata, z\u00e1\u0159\u00edc\u00edho jako k\u0159i\u0161\u0165\u00e1l\u201c (Zjeven\u00ed 21:18), pro\u010d jeho hradby nemohou b\u00fdt postaveny ze vz\u00e1cn\u00fdch drahokam\u016f? V\u017edy\u0165 B\u016fh s\u00e1m je tou skute\u010dnou kr\u00e1sou: A hle, tr\u016fn v nebi, a na tom tr\u016fnu n\u011bkdo, kdo byl na pohled jako jaspis a karneol; a kolem tr\u016fnu duha jako smaragdov\u00e1 (Zjeven\u00ed 4:2\u20133).<\/p>\n\n\n\n<p>Zdroj: www.bible-facts.org<\/p>\n","protected":false},"excerpt":{"rendered":"<p>21. kapitola knihy Zjeven\u00ed zmi\u0148uje dvan\u00e1ct drahokam\u016f, kter\u00e9 zdob\u00ed nebesk\u00fd Jeruzal\u00e9m: Z\u00e1klady hradeb toho m\u011bsta jsou sam\u00fd drahokam: prvn\u00ed z\u00e1kladn\u00ed k\u00e1men je jaspis, druh\u00fd saf\u00edr,&hellip;<\/p>\n","protected":false},"author":1,"featured_media":1326,"comment_status":"closed","ping_status":"open","sticky":false,"template":"","format":"standard","meta":{"footnotes":""},"categories":[2],"tags":[61],"class_list":["post-1325","post","type-post","status-publish","format-standard","has-post-thumbnail","hentry","category-biblistika","tag-2022-06","has-post-thumbnail-archive"],"_links":{"self":[{"href":"https:\/\/www.hlas-pravoslavi.cz\/index.php\/wp-json\/wp\/v2\/posts\/1325","targetHints":{"allow":["GET"]}}],"collection":[{"href":"https:\/\/www.hlas-pravoslavi.cz\/index.php\/wp-json\/wp\/v2\/posts"}],"about":[{"href":"https:\/\/www.hlas-pravoslavi.cz\/index.php\/wp-json\/wp\/v2\/types\/post"}],"author":[{"embeddable":true,"href":"https:\/\/www.hlas-pravoslavi.cz\/index.php\/wp-json\/wp\/v2\/users\/1"}],"replies":[{"embeddable":true,"href":"https:\/\/www.hlas-pravoslavi.cz\/index.php\/wp-json\/wp\/v2\/comments?post=1325"}],"version-history":[{"count":1,"href":"https:\/\/www.hlas-pravoslavi.cz\/index.php\/wp-json\/wp\/v2\/posts\/1325\/revisions"}],"predecessor-version":[{"id":1327,"href":"https:\/\/www.hlas-pravoslavi.cz\/index.php\/wp-json\/wp\/v2\/posts\/1325\/revisions\/1327"}],"wp:featuredmedia":[{"embeddable":true,"href":"https:\/\/www.hlas-pravoslavi.cz\/index.php\/wp-json\/wp\/v2\/media\/1326"}],"wp:attachment":[{"href":"https:\/\/www.hlas-pravoslavi.cz\/index.php\/wp-json\/wp\/v2\/media?parent=1325"}],"wp:term":[{"taxonomy":"category","embeddable":true,"href":"https:\/\/www.hlas-pravoslavi.cz\/index.php\/wp-json\/wp\/v2\/categories?post=1325"},{"taxonomy":"post_tag","embeddable":true,"href":"https:\/\/www.hlas-pravoslavi.cz\/index.php\/wp-json\/wp\/v2\/tags?post=1325"}],"curies":[{"name":"wp","href":"https:\/\/api.w.org\/{rel}","templated":true}]}}