{"id":1312,"date":"2022-06-28T11:22:58","date_gmt":"2022-06-28T10:22:58","guid":{"rendered":"https:\/\/www.hlas-pravoslavi.cz\/?p=1312"},"modified":"2022-06-28T11:22:59","modified_gmt":"2022-06-28T10:22:59","slug":"rimskokatolicka-cirkev-na-filipinach-stavi-prvni-centrum-exorcismu-v-asii","status":"publish","type":"post","link":"https:\/\/www.hlas-pravoslavi.cz\/index.php\/2022\/06\/28\/rimskokatolicka-cirkev-na-filipinach-stavi-prvni-centrum-exorcismu-v-asii\/","title":{"rendered":"\u0158\u00edmskokatolick\u00e1 c\u00edrkev na Filip\u00edn\u00e1ch stav\u00ed prvn\u00ed centrum exorcismu v\u00a0Asii"},"content":{"rendered":"\n<p>Na Filip\u00edn\u00e1ch byla zah\u00e1jena stavba prvn\u00edho centra pro exorcismus v Asii. Ofici\u00e1ln\u011b se instituce bude jmenovat Centrum sv. Michaela pro duchovn\u00ed osvobozen\u00ed a exorcismus, stav\u00ed ji katolick\u00e1 c\u00edrkev na Filip\u00edn\u00e1ch ve m\u011bst\u011b Makati, velk\u00e9m finan\u010dn\u00edm a pr\u016fmyslov\u00e9m centru s v\u00edce ne\u017e p\u016fl milionem obyvatel.<\/p>\n\n\n\n<p>\u201eTato n\u00e1bo\u017eensk\u00e1 struktura, kter\u00e1 vznikla po v\u00edce ne\u017e sedmi letech modliteb, pl\u00e1nov\u00e1n\u00ed a z\u00edsk\u00e1v\u00e1n\u00ed finan\u010dn\u00edch prost\u0159edk\u016f, bude prvn\u00ed sv\u00e9ho druhu v Asii, ne-li na cel\u00e9m sv\u011bt\u011b,\u201c uvedlo v prohl\u00e1\u0161en\u00ed arcibiskupstv\u00ed manilsk\u00e9. Vedouc\u00ed odd\u011blen\u00ed pro exorcismus Rev. Fr. Jose Francisco Syquia poznamenal, \u017ee \u201ecentrum bude slou\u017eit t\u011bm, kte\u0159\u00ed jsou v otroctv\u00ed \u010f\u00e1bla, a proto jsou nejchud\u0161\u00ed z chud\u00fdch a jim obvykle chyb\u00ed p\u00e9\u010de\u201c.<\/p>\n\n\n\n<p>Po dokon\u010den\u00ed stavby bude v centru s\u00eddlit Manilsk\u00e1 eparchi\u00e1ln\u00ed komise pro nadp\u0159irozen\u00e9 jevy, ministerstvo exorcismu, ministerstvo viz\u00ed a z\u00e1zra\u010dn\u00fdch zjeven\u00ed a s\u00eddlo filip\u00ednsk\u00e9 asociace katolick\u00fdch exorcist\u016f. Tato asociace je p\u0159\u00edmo pod\u0159\u00edzena Konferenci katolick\u00fdch biskup\u016f Filip\u00edn a je sou\u010d\u00e1st\u00ed Mezin\u00e1rodn\u00ed asociace exorcist\u016f se s\u00eddlem v It\u00e1lii.<\/p>\n\n\n\n<p><a href=\"http:\/\/www.spzh.news\/\">www.spzh.news<\/a><\/p>\n","protected":false},"excerpt":{"rendered":"<p>Na Filip\u00edn\u00e1ch byla zah\u00e1jena stavba prvn\u00edho centra pro exorcismus v Asii. Ofici\u00e1ln\u011b se instituce bude jmenovat Centrum sv. Michaela pro duchovn\u00ed osvobozen\u00ed a exorcismus, stav\u00ed&hellip;<\/p>\n","protected":false},"author":1,"featured_media":0,"comment_status":"closed","ping_status":"open","sticky":false,"template":"","format":"standard","meta":{"footnotes":""},"categories":[10],"tags":[61],"class_list":["post-1312","post","type-post","status-publish","format-standard","hentry","category-zpravy-ze-sveta","tag-2022-06"],"_links":{"self":[{"href":"https:\/\/www.hlas-pravoslavi.cz\/index.php\/wp-json\/wp\/v2\/posts\/1312","targetHints":{"allow":["GET"]}}],"collection":[{"href":"https:\/\/www.hlas-pravoslavi.cz\/index.php\/wp-json\/wp\/v2\/posts"}],"about":[{"href":"https:\/\/www.hlas-pravoslavi.cz\/index.php\/wp-json\/wp\/v2\/types\/post"}],"author":[{"embeddable":true,"href":"https:\/\/www.hlas-pravoslavi.cz\/index.php\/wp-json\/wp\/v2\/users\/1"}],"replies":[{"embeddable":true,"href":"https:\/\/www.hlas-pravoslavi.cz\/index.php\/wp-json\/wp\/v2\/comments?post=1312"}],"version-history":[{"count":1,"href":"https:\/\/www.hlas-pravoslavi.cz\/index.php\/wp-json\/wp\/v2\/posts\/1312\/revisions"}],"predecessor-version":[{"id":1313,"href":"https:\/\/www.hlas-pravoslavi.cz\/index.php\/wp-json\/wp\/v2\/posts\/1312\/revisions\/1313"}],"wp:attachment":[{"href":"https:\/\/www.hlas-pravoslavi.cz\/index.php\/wp-json\/wp\/v2\/media?parent=1312"}],"wp:term":[{"taxonomy":"category","embeddable":true,"href":"https:\/\/www.hlas-pravoslavi.cz\/index.php\/wp-json\/wp\/v2\/categories?post=1312"},{"taxonomy":"post_tag","embeddable":true,"href":"https:\/\/www.hlas-pravoslavi.cz\/index.php\/wp-json\/wp\/v2\/tags?post=1312"}],"curies":[{"name":"wp","href":"https:\/\/api.w.org\/{rel}","templated":true}]}}