{"id":1307,"date":"2022-06-28T11:19:22","date_gmt":"2022-06-28T10:19:22","guid":{"rendered":"https:\/\/www.hlas-pravoslavi.cz\/?p=1307"},"modified":"2022-06-28T11:19:23","modified_gmt":"2022-06-28T10:19:23","slug":"synod-rpc-odvolal-metropolitu-ilariona-z-funkce-sefa-oddeleni-pro-zahranicni-vztahy-cirkve","status":"publish","type":"post","link":"https:\/\/www.hlas-pravoslavi.cz\/index.php\/2022\/06\/28\/synod-rpc-odvolal-metropolitu-ilariona-z-funkce-sefa-oddeleni-pro-zahranicni-vztahy-cirkve\/","title":{"rendered":"Synod RPC odvolal metropolitu Ilariona z funkce \u0161\u00e9fa Odd\u011blen\u00ed pro zahrani\u010dn\u00ed vztahy c\u00edrkve"},"content":{"rendered":"\n<p>Metropolita Ilarion (Alfejev) byl zbaven funkce vedouc\u00edho Odd\u011blen\u00ed pro zahrani\u010dn\u00ed vztahy c\u00edrkve Moskevsk\u00e9ho patriarch\u00e1tu a vylou\u010den z&nbsp;Posv\u00e1tn\u00e9ho synodu. Synod Rusk\u00e9 pravoslavn\u00e9 c\u00edrkve o tom rozhodl 7. \u010dervna 2022. Metropolita Ilarion byl tak\u00e9 uvoln\u011bn z funkce rektora Celoc\u00edrkevn\u00edho postgradu\u00e1ln\u00edho a doktorsk\u00e9ho u\u010den\u00ed sv. Cyrila a Metod\u011bje.<\/p>\n\n\n\n<p>Vladyka Ilarion byl jmenov\u00e1n administr\u00e1torem budape\u0161\u0165sko-ma\u010farsk\u00e9 eparchie Rusk\u00e9 pravoslavn\u00e9 c\u00edrkve.<\/p>\n\n\n\n<p>Nov\u00fdm vedouc\u00edm Odd\u011blen\u00ed pro zahrani\u010dn\u00ed vztahy c\u00edrkve byl jmenov\u00e1n metropolita korsunsk\u00fd Antonij s ud\u011blen\u00edm titulu volokolamsk\u00fd.<\/p>\n\n\n\n<p>Dne 12. \u010dervna 2022 se metropolita Ilarion vyj\u00e1d\u0159il k sv\u00e9mu odvol\u00e1n\u00ed po liturgii v chr\u00e1mu na po\u010dest ikony Radost v\u0161ech zarmoucen\u00fdch v Moskv\u011b. Hierarcha Rusk\u00e9 pravoslavn\u00e9 c\u00edrkve spojil sv\u00e9 odvol\u00e1n\u00ed s po\u017eadavky sou\u010dasn\u00e9 spole\u010densko-politick\u00e9 situace v Rusku.<\/p>\n\n\n\n<p>Podle n\u011bj toto rozhodnut\u00ed c\u00edrkevn\u00edho veden\u00ed nesouvis\u00ed s \u017e\u00e1dn\u00fdmi nedostatky v \u010dinnosti Odd\u011blen\u00ed pro zahrani\u010dn\u00ed vztahy ani jin\u00fdch c\u00edrkevn\u00edch instituc\u00ed, kter\u00e9 spravoval.<\/p>\n\n\n\n<p>\u201eMnoz\u00ed se m\u011b dnes ptaj\u00ed \u2013 pro\u010d, za co? Nebudu te\u010f zach\u00e1zet do detail\u016f, popravd\u011b s\u00e1m n\u011bkter\u00e9 detaily nezn\u00e1m. Bylo mi \u0159e\u010deno, \u017ee toto rozhodnut\u00ed nesouvis\u00ed s \u017e\u00e1dn\u00fdmi nedostatky v \u010dinnosti Odd\u011blen\u00ed pro zahrani\u010dn\u00ed vztahy c\u00edrkve, ani s \u010dinnost\u00ed Celoc\u00edrkevn\u00edho postgradu\u00e1ln\u00edho a doktorsk\u00e9ho u\u010den\u00ed nebo tohoto svat\u00e9ho chr\u00e1mu, nebo jin\u00fdch c\u00edrkevn\u00edch instituc\u00edch, kter\u00e9 jsem spravoval. A bylo \u0159e\u010deno jen to, \u017ee to vy\u017eaduje sou\u010dasn\u00e1 spole\u010densko-politick\u00e1 situace. M\u016f\u017eete m\u00edt za to, \u017ee cesta ud\u011blala hodn\u011b ostrou zat\u00e1\u010dku, j\u00e1 se do n\u00ed neve\u0161el a skon\u010dil na krajnici. Ale tohle je lep\u0161\u00ed, ne\u017e kdybych vjel do p\u0159\u00edkopu, moje auto by se p\u0159evr\u00e1tilo a vybuchlo,\u201c \u0159ekl metropolita Ilarion.<\/p>\n\n\n\n<p>Hierarcha dodal, \u017ee \u017eivot pokra\u010duje a nen\u00ed t\u0159eba tyto ud\u00e1losti dramatizovat, proto\u017ee \u201ev \u017eivot\u011b ka\u017ed\u00e9ho duchovn\u00edho mohou b\u00fdt vzestupy a p\u00e1dy, pov\u00fd\u0161en\u00ed v takzvan\u00e9 kari\u00e9\u0159e a degradace\u201c.<\/p>\n\n\n\n<p>\u201eTo v\u0161e je do\u010dasn\u00e9, a ne pro to slou\u017e\u00edme c\u00edrkvi. Nikdy jsem neusiloval o vysok\u00e1 jmenov\u00e1n\u00ed, ani o \u010dlenstv\u00ed v synodu, ani o \u017e\u00e1dn\u00e1 privilegia a nikdy nebudu truchlit nad t\u00edm, \u017ee jsem je ztratil,\u201c \u0159ekl metropolita a up\u0159\u00edmn\u011b pod\u011bkoval v\u0161em, s nimi\u017e b\u011bhem v\u0161ech t\u011bch let spole\u010dn\u00e9 slu\u017eby v&nbsp;chr\u00e1mu komunikoval.<\/p>\n\n\n\n<p>Metropolita Ilarion pop\u0159\u00e1l duchovn\u00edm a farn\u00edk\u016fm, aby z\u016fstali v\u011brn\u00ed c\u00edrkvi a byli oddan\u00ed c\u00edrkevn\u00edmu veden\u00ed, aby si zachovali m\u00edr ve sv\u00fdch srdc\u00edch a navz\u00e1jem se milovali.<\/p>\n\n\n\n<p>Hierarcha tak\u00e9 vyj\u00e1d\u0159il nad\u011bji, \u017ee se on a \u010dlenov\u00e9 jeho farnosti \u201eneztrat\u00ed nadobro\u201c, ale \u201erozlou\u010d\u00ed se jen na chv\u00edli\u201c.<\/p>\n\n\n\n<p>V&nbsp;n\u011bkter\u00fdch \u0159eck\u00fdch m\u00e9di\u00edch se spekuluje o tom, \u017ee se osudn\u00fdm pro metropolitu Ilariona stalo mezipravoslavn\u00e9 setk\u00e1n\u00ed v&nbsp;r\u00e1mci Sv\u011btov\u00e9 rady c\u00edrkv\u00ed, kter\u00e9 se konalo na za\u010d\u00e1tku kv\u011btna na Kypru. Delegace RPC veden\u00e1 metropolitou Ilarionem spolu s&nbsp;p\u0159edstaviteli jin\u00fdch v\u00fdchodn\u00edch a orient\u00e1ln\u00edch c\u00edrkv\u00ed podepsala z\u00e1v\u011bre\u010dnou zpr\u00e1vu, ve kter\u00e9 se odsuzovala v\u00e1lka mezi Ruskem a Ukrajinou. Na Kypru se metropolita Ilarion tak\u00e9 setkal s&nbsp;arcibiskupem kypersk\u00fdm Chrisostomem i p\u0159esto, \u017ee rusk\u00e1 c\u00edrkev p\u0159eru\u0161ila eucharistick\u00e9 spole\u010denstv\u00ed s kypersk\u00fdm arcibiskupem pot\u00e9, co uznal Konstantinopolsk\u00fdm patriarch\u00e1tem z\u0159\u00edzenou Pravoslavnou c\u00edrkev Ukrajiny.<\/p>\n\n\n\n<p><a href=\"http:\/\/www.spzh.news\/\">www.spzh.news<\/a>, www.orthodoxtimes.com<\/p>\n","protected":false},"excerpt":{"rendered":"<p>Metropolita Ilarion (Alfejev) byl zbaven funkce vedouc\u00edho Odd\u011blen\u00ed pro zahrani\u010dn\u00ed vztahy c\u00edrkve Moskevsk\u00e9ho patriarch\u00e1tu a vylou\u010den z&nbsp;Posv\u00e1tn\u00e9ho synodu. Synod Rusk\u00e9 pravoslavn\u00e9 c\u00edrkve o tom rozhodl&hellip;<\/p>\n","protected":false},"author":1,"featured_media":0,"comment_status":"closed","ping_status":"open","sticky":false,"template":"","format":"standard","meta":{"footnotes":""},"categories":[10],"tags":[61],"class_list":["post-1307","post","type-post","status-publish","format-standard","hentry","category-zpravy-ze-sveta","tag-2022-06"],"_links":{"self":[{"href":"https:\/\/www.hlas-pravoslavi.cz\/index.php\/wp-json\/wp\/v2\/posts\/1307","targetHints":{"allow":["GET"]}}],"collection":[{"href":"https:\/\/www.hlas-pravoslavi.cz\/index.php\/wp-json\/wp\/v2\/posts"}],"about":[{"href":"https:\/\/www.hlas-pravoslavi.cz\/index.php\/wp-json\/wp\/v2\/types\/post"}],"author":[{"embeddable":true,"href":"https:\/\/www.hlas-pravoslavi.cz\/index.php\/wp-json\/wp\/v2\/users\/1"}],"replies":[{"embeddable":true,"href":"https:\/\/www.hlas-pravoslavi.cz\/index.php\/wp-json\/wp\/v2\/comments?post=1307"}],"version-history":[{"count":1,"href":"https:\/\/www.hlas-pravoslavi.cz\/index.php\/wp-json\/wp\/v2\/posts\/1307\/revisions"}],"predecessor-version":[{"id":1308,"href":"https:\/\/www.hlas-pravoslavi.cz\/index.php\/wp-json\/wp\/v2\/posts\/1307\/revisions\/1308"}],"wp:attachment":[{"href":"https:\/\/www.hlas-pravoslavi.cz\/index.php\/wp-json\/wp\/v2\/media?parent=1307"}],"wp:term":[{"taxonomy":"category","embeddable":true,"href":"https:\/\/www.hlas-pravoslavi.cz\/index.php\/wp-json\/wp\/v2\/categories?post=1307"},{"taxonomy":"post_tag","embeddable":true,"href":"https:\/\/www.hlas-pravoslavi.cz\/index.php\/wp-json\/wp\/v2\/tags?post=1307"}],"curies":[{"name":"wp","href":"https:\/\/api.w.org\/{rel}","templated":true}]}}