{"id":1302,"date":"2022-06-28T11:14:26","date_gmt":"2022-06-28T10:14:26","guid":{"rendered":"https:\/\/www.hlas-pravoslavi.cz\/?p=1302"},"modified":"2022-06-28T11:17:30","modified_gmt":"2022-06-28T10:17:30","slug":"dopis-patriarchy-antiochijskeho-metropolitovi-upc-oplakavame-s-vami-smrt-ukrajincu","status":"publish","type":"post","link":"https:\/\/www.hlas-pravoslavi.cz\/index.php\/2022\/06\/28\/dopis-patriarchy-antiochijskeho-metropolitovi-upc-oplakavame-s-vami-smrt-ukrajincu\/","title":{"rendered":"Dopis patriarchy antiochijsk\u00e9ho metropolitovi UPC: Oplak\u00e1v\u00e1me s\u00a0V\u00e1mi smrt Ukrajinc\u016f"},"content":{"rendered":"\n<figure class=\"wp-block-image size-full\"><img loading=\"lazy\" decoding=\"async\" width=\"720\" height=\"411\" src=\"http:\/\/www.hlas-pravoslavi.cz\/wp-content\/uploads\/2022\/06\/Dopis-antiochijskeho-patriarchy.jpg\" alt=\"\" class=\"wp-image-1303\" srcset=\"https:\/\/www.hlas-pravoslavi.cz\/wp-content\/uploads\/2022\/06\/Dopis-antiochijskeho-patriarchy.jpg 720w, https:\/\/www.hlas-pravoslavi.cz\/wp-content\/uploads\/2022\/06\/Dopis-antiochijskeho-patriarchy-300x171.jpg 300w\" sizes=\"auto, (max-width: 720px) 100vw, 720px\" \/><\/figure>\n\n\n\n<p>Patriarcha antiochijsk\u00fd a cel\u00e9ho V\u00fdchodu Jan X. oslovil Jeho Bla\u017eenost metropolitu kyjevsk\u00e9ho a cel\u00e9 Ukrajiny Onufrije a vyj\u00e1d\u0159il mu podporu.<\/p>\n\n\n\n<p>Patriarcha Jan X. poslal dopis metropolitovi Onufrijovi ohledn\u011b v\u00e1lky na Ukrajin\u011b. Dopis byl zve\u0159ejn\u011bn na facebookov\u00e9 str\u00e1nce Antiochijsk\u00e9ho patriarch\u00e1tu 6. \u010dervna 2022.<\/p>\n\n\n\n<p>\u201ePl\u00e1\u010deme s Va\u0161\u00ed Bla\u017eenost\u00ed \u2013 jako Va\u0161e Bla\u017eenost plakal s n\u00e1mi \u2013 pro tragick\u00e9 um\u00edr\u00e1n\u00ed Va\u0161eho st\u00e1da a krajan\u016f Va\u0161\u00ed Bla\u017eenosti v d\u016fsledku v\u00e1lky. Jsme p\u0159\u00edli\u0161 dob\u0159e obezn\u00e1meni s ni\u010den\u00edm chr\u00e1m\u016f, smrt\u00ed duchovn\u00edch, mnich\u016f a v\u011b\u0159\u00edc\u00edch, p\u0159es\u00eddlen\u00edm civilist\u016f do jin\u00fdch zem\u00ed,\u201c napsal patriarcha antiochijsk\u00fd. Zd\u016fraznil, \u017ee duchovn\u011b podporuje metropolitu a v\u011b\u0159\u00edc\u00ed UPC.<\/p>\n\n\n\n<p>\u201eV t\u011bchto t\u011b\u017ek\u00fdch chv\u00edl\u00edch je na\u0161e neust\u00e1l\u00e1 modlitba s Va\u0161\u00ed Bla\u017eenost\u00ed a celou Ukrajinskou pravoslavnou c\u00edrkv\u00ed, cel\u00e1 Antiochijsk\u00e1 c\u00edrkev se modl\u00ed k Duchu Svat\u00e9mu, zvl\u00e1\u0161t\u011b v t\u00e9to dob\u011b Pades\u00e1tnice, aby sestoupil a obnovil m\u00edr a p\u0159inesl uzdraven\u00ed. K\u00e9\u017e P\u00e1n i nad\u00e1le pom\u00e1h\u00e1 Va\u0161\u00ed Bla\u017eenosti ve veden\u00ed Ukrajinsk\u00e9 pravoslavn\u00e9 c\u00edrkve v t\u011bchto t\u011b\u017ek\u00fdch \u010dasech,\u201c napsal Jan X.<\/p>\n\n\n\n<p>Facebook.com<\/p>\n","protected":false},"excerpt":{"rendered":"<p>Patriarcha antiochijsk\u00fd a cel\u00e9ho V\u00fdchodu Jan X. oslovil Jeho Bla\u017eenost metropolitu kyjevsk\u00e9ho a cel\u00e9 Ukrajiny Onufrije a vyj\u00e1d\u0159il mu podporu. Patriarcha Jan X. poslal dopis&hellip;<\/p>\n","protected":false},"author":1,"featured_media":0,"comment_status":"closed","ping_status":"open","sticky":false,"template":"","format":"standard","meta":{"footnotes":""},"categories":[10],"tags":[62],"class_list":["post-1302","post","type-post","status-publish","format-standard","hentry","category-zpravy-ze-sveta","tag-2022-6"],"_links":{"self":[{"href":"https:\/\/www.hlas-pravoslavi.cz\/index.php\/wp-json\/wp\/v2\/posts\/1302","targetHints":{"allow":["GET"]}}],"collection":[{"href":"https:\/\/www.hlas-pravoslavi.cz\/index.php\/wp-json\/wp\/v2\/posts"}],"about":[{"href":"https:\/\/www.hlas-pravoslavi.cz\/index.php\/wp-json\/wp\/v2\/types\/post"}],"author":[{"embeddable":true,"href":"https:\/\/www.hlas-pravoslavi.cz\/index.php\/wp-json\/wp\/v2\/users\/1"}],"replies":[{"embeddable":true,"href":"https:\/\/www.hlas-pravoslavi.cz\/index.php\/wp-json\/wp\/v2\/comments?post=1302"}],"version-history":[{"count":2,"href":"https:\/\/www.hlas-pravoslavi.cz\/index.php\/wp-json\/wp\/v2\/posts\/1302\/revisions"}],"predecessor-version":[{"id":1306,"href":"https:\/\/www.hlas-pravoslavi.cz\/index.php\/wp-json\/wp\/v2\/posts\/1302\/revisions\/1306"}],"wp:attachment":[{"href":"https:\/\/www.hlas-pravoslavi.cz\/index.php\/wp-json\/wp\/v2\/media?parent=1302"}],"wp:term":[{"taxonomy":"category","embeddable":true,"href":"https:\/\/www.hlas-pravoslavi.cz\/index.php\/wp-json\/wp\/v2\/categories?post=1302"},{"taxonomy":"post_tag","embeddable":true,"href":"https:\/\/www.hlas-pravoslavi.cz\/index.php\/wp-json\/wp\/v2\/tags?post=1302"}],"curies":[{"name":"wp","href":"https:\/\/api.w.org\/{rel}","templated":true}]}}