{"id":1277,"date":"2022-05-28T10:49:19","date_gmt":"2022-05-28T09:49:19","guid":{"rendered":"https:\/\/www.hlas-pravoslavi.cz\/?p=1277"},"modified":"2022-06-28T10:49:28","modified_gmt":"2022-06-28T09:49:28","slug":"zemrel-prvni-hierarcha-ruske-zahranicni-cirkve","status":"publish","type":"post","link":"https:\/\/www.hlas-pravoslavi.cz\/index.php\/2022\/05\/28\/zemrel-prvni-hierarcha-ruske-zahranicni-cirkve\/","title":{"rendered":"Zem\u0159el prvn\u00ed hierarcha Rusk\u00e9 zahrani\u010dn\u00ed c\u00edrkve"},"content":{"rendered":"\n<p>16. kv\u011btna 2022 po dlouh\u00e9 nemoci v&nbsp;jedn\u00e9 z&nbsp;nemocnic New Yorku zem\u0159el metropolita v\u00fdchodoamerick\u00fd a newyorsk\u00fd Ilarion, prvn\u00ed hierarcha RPCZ.<\/p>\n\n\n\n<p>Metropolita Ilarion (ob\u010dansk\u00fdm jm\u00e9nem Igor Kapral) se narodil v&nbsp;roce 1948 v&nbsp;Kanad\u011b. V roce 1967 vstoupil do teologick\u00e9ho semin\u00e1\u0159e Svat\u00e9 Trojice v Jordanville (USA). V roce 1984 byl vysv\u011bcen na biskupa Manhattanu. V roce 1996 byl jmenov\u00e1n arcibiskupem sydneysk\u00fdm a australsko-novoz\u00e9landsk\u00fdm. V roce 2008 byl na archijerejsk\u00e9m sn\u011bmu zvolen p\u0159edsedou Synodu PRCZ.<\/p>\n\n\n\n<p>N\u00e1stupcem metropolity Ilariona se stal metropolita berl\u00ednsk\u00fd a n\u011bmeck\u00fd Mark.<\/p>\n\n\n\n<p><a href=\"http:\/\/www.spzh.news\/\">www.spzh.news<\/a><\/p>\n","protected":false},"excerpt":{"rendered":"<p>16. kv\u011btna 2022 po dlouh\u00e9 nemoci v&nbsp;jedn\u00e9 z&nbsp;nemocnic New Yorku zem\u0159el metropolita v\u00fdchodoamerick\u00fd a newyorsk\u00fd Ilarion, prvn\u00ed hierarcha RPCZ. Metropolita Ilarion (ob\u010dansk\u00fdm jm\u00e9nem Igor Kapral)&hellip;<\/p>\n","protected":false},"author":1,"featured_media":0,"comment_status":"closed","ping_status":"open","sticky":false,"template":"","format":"standard","meta":{"footnotes":""},"categories":[10],"tags":[60],"class_list":["post-1277","post","type-post","status-publish","format-standard","hentry","category-zpravy-ze-sveta","tag-2022-05"],"_links":{"self":[{"href":"https:\/\/www.hlas-pravoslavi.cz\/index.php\/wp-json\/wp\/v2\/posts\/1277","targetHints":{"allow":["GET"]}}],"collection":[{"href":"https:\/\/www.hlas-pravoslavi.cz\/index.php\/wp-json\/wp\/v2\/posts"}],"about":[{"href":"https:\/\/www.hlas-pravoslavi.cz\/index.php\/wp-json\/wp\/v2\/types\/post"}],"author":[{"embeddable":true,"href":"https:\/\/www.hlas-pravoslavi.cz\/index.php\/wp-json\/wp\/v2\/users\/1"}],"replies":[{"embeddable":true,"href":"https:\/\/www.hlas-pravoslavi.cz\/index.php\/wp-json\/wp\/v2\/comments?post=1277"}],"version-history":[{"count":1,"href":"https:\/\/www.hlas-pravoslavi.cz\/index.php\/wp-json\/wp\/v2\/posts\/1277\/revisions"}],"predecessor-version":[{"id":1278,"href":"https:\/\/www.hlas-pravoslavi.cz\/index.php\/wp-json\/wp\/v2\/posts\/1277\/revisions\/1278"}],"wp:attachment":[{"href":"https:\/\/www.hlas-pravoslavi.cz\/index.php\/wp-json\/wp\/v2\/media?parent=1277"}],"wp:term":[{"taxonomy":"category","embeddable":true,"href":"https:\/\/www.hlas-pravoslavi.cz\/index.php\/wp-json\/wp\/v2\/categories?post=1277"},{"taxonomy":"post_tag","embeddable":true,"href":"https:\/\/www.hlas-pravoslavi.cz\/index.php\/wp-json\/wp\/v2\/tags?post=1277"}],"curies":[{"name":"wp","href":"https:\/\/api.w.org\/{rel}","templated":true}]}}