{"id":1253,"date":"2022-05-28T09:59:01","date_gmt":"2022-05-28T08:59:01","guid":{"rendered":"https:\/\/www.hlas-pravoslavi.cz\/?p=1253"},"modified":"2022-06-28T09:59:11","modified_gmt":"2022-06-28T08:59:11","slug":"deti-z-nedelni-skoly-na-navsteve-u-sv-ivana","status":"publish","type":"post","link":"https:\/\/www.hlas-pravoslavi.cz\/index.php\/2022\/05\/28\/deti-z-nedelni-skoly-na-navsteve-u-sv-ivana\/","title":{"rendered":"D\u011bti z\u00a0ned\u011bln\u00ed \u0161koly na n\u00e1v\u0161t\u011bv\u011b u sv. Ivana"},"content":{"rendered":"\n<p>S po\u017eehn\u00e1n\u00edm Jeho Vysokop\u0159eosv\u00edcenosti Michala, arcibiskupa pra\u017esk\u00e9ho a \u010desk\u00fdch zem\u00ed, se dne 7. 5. d\u011bti na\u0161\u00ed ned\u011bln\u00ed \u0161koly sv. Cyrila a Metod\u011bje p\u0159i katedr\u00e1ln\u00edm chr\u00e1mu v&nbsp;Praze a jejich rodi\u010de vydali na jednodenn\u00ed velikono\u010dn\u00ed pou\u0165 ke svat\u00e9mu Ivanovi, \u010desk\u00e9mu poustevn\u00edkovi. Do obce Svat\u00fd Jan pod Skalou n\u00e1s p\u0159ijelo kolem 30. Hned jsme \u0161li na prohl\u00eddku jeskyn\u011b, kde podle legendy p\u0159ed v\u00edce ne\u017e tis\u00edci lety pob\u00fdval ctihodn\u00fd Ivan.<\/p>\n\n\n\n<p>V jeskyni otec Vasyl vykonal velikono\u010dn\u00ed moleben, abychom se spolu pomodlili na tomto posv\u00e1tn\u00e9m m\u00edst\u011b, a pot\u00e9 jsme se vydali na vrchol sk\u00e1ly ke k\u0159\u00ed\u017ei. Na vrcholu se v\u0161ichni kochali n\u00e1dhern\u00fdm pohledem na \u00fadol\u00ed, kde se nach\u00e1z\u00ed kostel a svatoj\u00e1nsk\u00e1 jeskyn\u011b. D\u00e1le n\u00e1sledovalo op\u00e9kan\u00ed masa, hry a pov\u00edd\u00e1n\u00ed. Je to u\u017e skoro 10 let, co se pravideln\u011b ka\u017ed\u00fd rok v sobotu po Pas\u0161e sch\u00e1z\u00edme na tomto m\u00edst\u011b k spole\u010dn\u00e9mu oslavov\u00e1n\u00ed Velikonoc. D\u011bkujeme Bohu za tuto mo\u017enost a pros\u00edme, abychom i v budoucnu mohli spolu velebit vzk\u0159\u00ed\u0161en\u00e9ho Krista na tomto posv\u00e1tn\u00e9m m\u00edst\u011b.<\/p>\n\n\n\n<p>Michal, 14 let<\/p>\n\n\n\n<figure class=\"wp-block-gallery has-nested-images columns-default is-cropped wp-block-gallery-1 is-layout-flex wp-block-gallery-is-layout-flex\">\n<figure class=\"wp-block-image size-large\"><a href=\"https:\/\/www.hlas-pravoslavi.cz\/wp-content\/uploads\/2022\/06\/1.png\" data-lbwps-width=\"1280\" data-lbwps-height=\"960\" data-lbwps-srcsmall=\"http:\/\/www.hlas-pravoslavi.cz\/wp-content\/uploads\/2022\/06\/1-300x225.png\"><img loading=\"lazy\" decoding=\"async\" width=\"1024\" height=\"768\" data-id=\"1254\" src=\"https:\/\/www.hlas-pravoslavi.cz\/wp-content\/uploads\/2022\/06\/1-1024x768.png\" alt=\"\" class=\"wp-image-1254\" srcset=\"https:\/\/www.hlas-pravoslavi.cz\/wp-content\/uploads\/2022\/06\/1-1024x768.png 1024w, https:\/\/www.hlas-pravoslavi.cz\/wp-content\/uploads\/2022\/06\/1-300x225.png 300w, https:\/\/www.hlas-pravoslavi.cz\/wp-content\/uploads\/2022\/06\/1-768x576.png 768w, https:\/\/www.hlas-pravoslavi.cz\/wp-content\/uploads\/2022\/06\/1.png 1280w\" sizes=\"auto, (max-width: 1024px) 100vw, 1024px\" \/><\/a><\/figure>\n\n\n\n<figure class=\"wp-block-image size-large\"><a href=\"https:\/\/www.hlas-pravoslavi.cz\/wp-content\/uploads\/2022\/06\/2.png\" data-lbwps-width=\"1140\" data-lbwps-height=\"1280\" data-lbwps-srcsmall=\"http:\/\/www.hlas-pravoslavi.cz\/wp-content\/uploads\/2022\/06\/2-267x300.png\"><img loading=\"lazy\" decoding=\"async\" width=\"912\" height=\"1024\" data-id=\"1255\" src=\"https:\/\/www.hlas-pravoslavi.cz\/wp-content\/uploads\/2022\/06\/2-912x1024.png\" alt=\"\" class=\"wp-image-1255\" srcset=\"https:\/\/www.hlas-pravoslavi.cz\/wp-content\/uploads\/2022\/06\/2-912x1024.png 912w, https:\/\/www.hlas-pravoslavi.cz\/wp-content\/uploads\/2022\/06\/2-267x300.png 267w, https:\/\/www.hlas-pravoslavi.cz\/wp-content\/uploads\/2022\/06\/2-768x862.png 768w, https:\/\/www.hlas-pravoslavi.cz\/wp-content\/uploads\/2022\/06\/2.png 1140w\" sizes=\"auto, (max-width: 912px) 100vw, 912px\" \/><\/a><\/figure>\n\n\n\n<figure class=\"wp-block-image size-large\"><a href=\"https:\/\/www.hlas-pravoslavi.cz\/wp-content\/uploads\/2022\/06\/3.png\" data-lbwps-width=\"1280\" data-lbwps-height=\"960\" data-lbwps-srcsmall=\"http:\/\/www.hlas-pravoslavi.cz\/wp-content\/uploads\/2022\/06\/3-300x225.png\"><img loading=\"lazy\" decoding=\"async\" width=\"1024\" height=\"768\" data-id=\"1256\" src=\"https:\/\/www.hlas-pravoslavi.cz\/wp-content\/uploads\/2022\/06\/3-1024x768.png\" alt=\"\" class=\"wp-image-1256\" srcset=\"https:\/\/www.hlas-pravoslavi.cz\/wp-content\/uploads\/2022\/06\/3-1024x768.png 1024w, https:\/\/www.hlas-pravoslavi.cz\/wp-content\/uploads\/2022\/06\/3-300x225.png 300w, https:\/\/www.hlas-pravoslavi.cz\/wp-content\/uploads\/2022\/06\/3-768x576.png 768w, https:\/\/www.hlas-pravoslavi.cz\/wp-content\/uploads\/2022\/06\/3.png 1280w\" sizes=\"auto, (max-width: 1024px) 100vw, 1024px\" \/><\/a><\/figure>\n\n\n\n<figure class=\"wp-block-image size-large\"><a href=\"https:\/\/www.hlas-pravoslavi.cz\/wp-content\/uploads\/2022\/06\/4.png\" data-lbwps-width=\"1280\" data-lbwps-height=\"960\" data-lbwps-srcsmall=\"http:\/\/www.hlas-pravoslavi.cz\/wp-content\/uploads\/2022\/06\/4-300x225.png\"><img loading=\"lazy\" decoding=\"async\" width=\"1024\" height=\"768\" data-id=\"1257\" src=\"https:\/\/www.hlas-pravoslavi.cz\/wp-content\/uploads\/2022\/06\/4-1024x768.png\" alt=\"\" class=\"wp-image-1257\" srcset=\"https:\/\/www.hlas-pravoslavi.cz\/wp-content\/uploads\/2022\/06\/4-1024x768.png 1024w, https:\/\/www.hlas-pravoslavi.cz\/wp-content\/uploads\/2022\/06\/4-300x225.png 300w, https:\/\/www.hlas-pravoslavi.cz\/wp-content\/uploads\/2022\/06\/4-768x576.png 768w, https:\/\/www.hlas-pravoslavi.cz\/wp-content\/uploads\/2022\/06\/4.png 1280w\" sizes=\"auto, (max-width: 1024px) 100vw, 1024px\" \/><\/a><\/figure>\n\n\n\n<figure class=\"wp-block-image size-large\"><a href=\"https:\/\/www.hlas-pravoslavi.cz\/wp-content\/uploads\/2022\/06\/5.png\" data-lbwps-width=\"960\" data-lbwps-height=\"1280\" data-lbwps-srcsmall=\"http:\/\/www.hlas-pravoslavi.cz\/wp-content\/uploads\/2022\/06\/5-225x300.png\"><img loading=\"lazy\" decoding=\"async\" width=\"768\" height=\"1024\" data-id=\"1258\" src=\"https:\/\/www.hlas-pravoslavi.cz\/wp-content\/uploads\/2022\/06\/5-768x1024.png\" alt=\"\" class=\"wp-image-1258\" srcset=\"https:\/\/www.hlas-pravoslavi.cz\/wp-content\/uploads\/2022\/06\/5-768x1024.png 768w, https:\/\/www.hlas-pravoslavi.cz\/wp-content\/uploads\/2022\/06\/5-225x300.png 225w, https:\/\/www.hlas-pravoslavi.cz\/wp-content\/uploads\/2022\/06\/5.png 960w\" sizes=\"auto, (max-width: 768px) 100vw, 768px\" \/><\/a><\/figure>\n<\/figure>\n","protected":false},"excerpt":{"rendered":"<p>S po\u017eehn\u00e1n\u00edm Jeho Vysokop\u0159eosv\u00edcenosti Michala, arcibiskupa pra\u017esk\u00e9ho a \u010desk\u00fdch zem\u00ed, se dne 7. 5. d\u011bti na\u0161\u00ed ned\u011bln\u00ed \u0161koly sv. Cyrila a Metod\u011bje p\u0159i katedr\u00e1ln\u00edm chr\u00e1mu&hellip;<\/p>\n","protected":false},"author":1,"featured_media":0,"comment_status":"closed","ping_status":"open","sticky":false,"template":"","format":"standard","meta":{"footnotes":""},"categories":[9],"tags":[60],"class_list":["post-1253","post","type-post","status-publish","format-standard","hentry","category-zpravy-z-eparchii","tag-2022-05"],"_links":{"self":[{"href":"https:\/\/www.hlas-pravoslavi.cz\/index.php\/wp-json\/wp\/v2\/posts\/1253","targetHints":{"allow":["GET"]}}],"collection":[{"href":"https:\/\/www.hlas-pravoslavi.cz\/index.php\/wp-json\/wp\/v2\/posts"}],"about":[{"href":"https:\/\/www.hlas-pravoslavi.cz\/index.php\/wp-json\/wp\/v2\/types\/post"}],"author":[{"embeddable":true,"href":"https:\/\/www.hlas-pravoslavi.cz\/index.php\/wp-json\/wp\/v2\/users\/1"}],"replies":[{"embeddable":true,"href":"https:\/\/www.hlas-pravoslavi.cz\/index.php\/wp-json\/wp\/v2\/comments?post=1253"}],"version-history":[{"count":1,"href":"https:\/\/www.hlas-pravoslavi.cz\/index.php\/wp-json\/wp\/v2\/posts\/1253\/revisions"}],"predecessor-version":[{"id":1259,"href":"https:\/\/www.hlas-pravoslavi.cz\/index.php\/wp-json\/wp\/v2\/posts\/1253\/revisions\/1259"}],"wp:attachment":[{"href":"https:\/\/www.hlas-pravoslavi.cz\/index.php\/wp-json\/wp\/v2\/media?parent=1253"}],"wp:term":[{"taxonomy":"category","embeddable":true,"href":"https:\/\/www.hlas-pravoslavi.cz\/index.php\/wp-json\/wp\/v2\/categories?post=1253"},{"taxonomy":"post_tag","embeddable":true,"href":"https:\/\/www.hlas-pravoslavi.cz\/index.php\/wp-json\/wp\/v2\/tags?post=1253"}],"curies":[{"name":"wp","href":"https:\/\/api.w.org\/{rel}","templated":true}]}}