{"id":1246,"date":"2022-05-28T09:56:50","date_gmt":"2022-05-28T08:56:50","guid":{"rendered":"https:\/\/www.hlas-pravoslavi.cz\/?p=1246"},"modified":"2022-06-28T09:57:00","modified_gmt":"2022-06-28T08:57:00","slug":"vzpominkova-akce-u-zdi-profesorskeho-domu","status":"publish","type":"post","link":"https:\/\/www.hlas-pravoslavi.cz\/index.php\/2022\/05\/28\/vzpominkova-akce-u-zdi-profesorskeho-domu\/","title":{"rendered":"<strong>Vzpom\u00ednkov\u00e1 akce u zd\u00ed &#8222;profesorsk\u00e9ho&#8220; domu<\/strong>"},"content":{"rendered":"\n<p>&#8222;Profesorsk\u00fd&#8220; d\u016fm v&nbsp;Rooseveltov\u011b ulici ve\u0161el do d\u011bjin tragick\u00fdm osudem sv\u00fdch obyvatel, kte\u0159\u00ed byli na konci Druh\u00e9 sv\u011btov\u00e9 v\u00e1lky deportov\u00e1ni do Sov\u011btsk\u00e9ho svazu. Ty tragick\u00e9 ud\u00e1losti p\u0159ipom\u00edn\u00e1 pam\u011btn\u00ed deska, kter\u00e1 byla na st\u011bnu domu um\u00edst\u011bna potomky ob\u011bt\u00ed.<\/p>\n\n\n\n<p>Ji\u017e tradi\u010dn\u011b se 11. kv\u011btna u zd\u00ed domu konala vzpom\u00ednkov\u00e1 akce, kter\u00e9 se z\u00fa\u010dastnil pra\u017esk\u00fd prim\u00e1tor Zden\u011bk H\u0159ib. P\u0159\u00edtomni byli tak\u00e9 m\u00edstostarosta Prahy 6 Jan Lacina, n\u00e1m\u011bstek ministra zahrani\u010dn\u00edch v\u011bc\u00ed Martin Dvo\u0159\u00e1k, n\u00e1m\u011bstek ministra kultury Ond\u0159ej Hr\u00e1st, dal\u0161\u00ed \u00fa\u0159edn\u00edci a z\u00e1stupci neziskov\u00fdch organizac\u00ed.<\/p>\n\n\n\n<p><a href=\"http:\/\/www.pravoslavnik.cz\/\">www.pravoslavnik.cz<\/a><\/p>\n\n\n\n<figure class=\"wp-block-gallery has-nested-images columns-default is-cropped wp-block-gallery-1 is-layout-flex wp-block-gallery-is-layout-flex\">\n<figure class=\"wp-block-image size-large\"><a href=\"https:\/\/www.hlas-pravoslavi.cz\/wp-content\/uploads\/2022\/06\/1105_006-1024x683-2.jpg\" data-lbwps-width=\"1024\" data-lbwps-height=\"683\" data-lbwps-srcsmall=\"http:\/\/www.hlas-pravoslavi.cz\/wp-content\/uploads\/2022\/06\/1105_006-1024x683-2-300x200.jpg\"><img loading=\"lazy\" decoding=\"async\" width=\"1024\" height=\"683\" data-id=\"1248\" src=\"https:\/\/www.hlas-pravoslavi.cz\/wp-content\/uploads\/2022\/06\/1105_006-1024x683-2.jpg\" alt=\"\" class=\"wp-image-1248\" srcset=\"https:\/\/www.hlas-pravoslavi.cz\/wp-content\/uploads\/2022\/06\/1105_006-1024x683-2.jpg 1024w, https:\/\/www.hlas-pravoslavi.cz\/wp-content\/uploads\/2022\/06\/1105_006-1024x683-2-300x200.jpg 300w, https:\/\/www.hlas-pravoslavi.cz\/wp-content\/uploads\/2022\/06\/1105_006-1024x683-2-768x512.jpg 768w\" sizes=\"auto, (max-width: 1024px) 100vw, 1024px\" \/><\/a><\/figure>\n\n\n\n<figure class=\"wp-block-image size-large\"><a href=\"https:\/\/www.hlas-pravoslavi.cz\/wp-content\/uploads\/2022\/06\/1105_008-1024x683-1.jpg\" data-lbwps-width=\"801\" data-lbwps-height=\"560\" data-lbwps-srcsmall=\"http:\/\/www.hlas-pravoslavi.cz\/wp-content\/uploads\/2022\/06\/1105_008-1024x683-1-300x210.jpg\"><img loading=\"lazy\" decoding=\"async\" width=\"801\" height=\"560\" data-id=\"1249\" src=\"https:\/\/www.hlas-pravoslavi.cz\/wp-content\/uploads\/2022\/06\/1105_008-1024x683-1.jpg\" alt=\"\" class=\"wp-image-1249\" srcset=\"https:\/\/www.hlas-pravoslavi.cz\/wp-content\/uploads\/2022\/06\/1105_008-1024x683-1.jpg 801w, https:\/\/www.hlas-pravoslavi.cz\/wp-content\/uploads\/2022\/06\/1105_008-1024x683-1-300x210.jpg 300w, https:\/\/www.hlas-pravoslavi.cz\/wp-content\/uploads\/2022\/06\/1105_008-1024x683-1-768x537.jpg 768w\" sizes=\"auto, (max-width: 801px) 100vw, 801px\" \/><\/a><\/figure>\n\n\n\n<figure class=\"wp-block-image size-large\"><a href=\"https:\/\/www.hlas-pravoslavi.cz\/wp-content\/uploads\/2022\/06\/1105_009-1024x683-1.jpg\" data-lbwps-width=\"1024\" data-lbwps-height=\"683\" data-lbwps-srcsmall=\"http:\/\/www.hlas-pravoslavi.cz\/wp-content\/uploads\/2022\/06\/1105_009-1024x683-1-300x200.jpg\"><img loading=\"lazy\" decoding=\"async\" width=\"1024\" height=\"683\" data-id=\"1250\" src=\"https:\/\/www.hlas-pravoslavi.cz\/wp-content\/uploads\/2022\/06\/1105_009-1024x683-1.jpg\" alt=\"\" class=\"wp-image-1250\" srcset=\"https:\/\/www.hlas-pravoslavi.cz\/wp-content\/uploads\/2022\/06\/1105_009-1024x683-1.jpg 1024w, https:\/\/www.hlas-pravoslavi.cz\/wp-content\/uploads\/2022\/06\/1105_009-1024x683-1-300x200.jpg 300w, https:\/\/www.hlas-pravoslavi.cz\/wp-content\/uploads\/2022\/06\/1105_009-1024x683-1-768x512.jpg 768w\" sizes=\"auto, (max-width: 1024px) 100vw, 1024px\" \/><\/a><\/figure>\n\n\n\n<figure class=\"wp-block-image size-large\"><a href=\"https:\/\/www.hlas-pravoslavi.cz\/wp-content\/uploads\/2022\/06\/1105_017-1024x683-1.jpg\" data-lbwps-width=\"1024\" data-lbwps-height=\"683\" data-lbwps-srcsmall=\"http:\/\/www.hlas-pravoslavi.cz\/wp-content\/uploads\/2022\/06\/1105_017-1024x683-1-300x200.jpg\"><img loading=\"lazy\" decoding=\"async\" width=\"1024\" height=\"683\" data-id=\"1251\" src=\"https:\/\/www.hlas-pravoslavi.cz\/wp-content\/uploads\/2022\/06\/1105_017-1024x683-1.jpg\" alt=\"\" class=\"wp-image-1251\" srcset=\"https:\/\/www.hlas-pravoslavi.cz\/wp-content\/uploads\/2022\/06\/1105_017-1024x683-1.jpg 1024w, https:\/\/www.hlas-pravoslavi.cz\/wp-content\/uploads\/2022\/06\/1105_017-1024x683-1-300x200.jpg 300w, https:\/\/www.hlas-pravoslavi.cz\/wp-content\/uploads\/2022\/06\/1105_017-1024x683-1-768x512.jpg 768w\" sizes=\"auto, (max-width: 1024px) 100vw, 1024px\" \/><\/a><\/figure>\n<\/figure>\n","protected":false},"excerpt":{"rendered":"<p>&#8222;Profesorsk\u00fd&#8220; d\u016fm v&nbsp;Rooseveltov\u011b ulici ve\u0161el do d\u011bjin tragick\u00fdm osudem sv\u00fdch obyvatel, kte\u0159\u00ed byli na konci Druh\u00e9 sv\u011btov\u00e9 v\u00e1lky deportov\u00e1ni do Sov\u011btsk\u00e9ho svazu. Ty tragick\u00e9 ud\u00e1losti&hellip;<\/p>\n","protected":false},"author":1,"featured_media":0,"comment_status":"closed","ping_status":"open","sticky":false,"template":"","format":"standard","meta":{"footnotes":""},"categories":[9],"tags":[60],"class_list":["post-1246","post","type-post","status-publish","format-standard","hentry","category-zpravy-z-eparchii","tag-2022-05"],"_links":{"self":[{"href":"https:\/\/www.hlas-pravoslavi.cz\/index.php\/wp-json\/wp\/v2\/posts\/1246","targetHints":{"allow":["GET"]}}],"collection":[{"href":"https:\/\/www.hlas-pravoslavi.cz\/index.php\/wp-json\/wp\/v2\/posts"}],"about":[{"href":"https:\/\/www.hlas-pravoslavi.cz\/index.php\/wp-json\/wp\/v2\/types\/post"}],"author":[{"embeddable":true,"href":"https:\/\/www.hlas-pravoslavi.cz\/index.php\/wp-json\/wp\/v2\/users\/1"}],"replies":[{"embeddable":true,"href":"https:\/\/www.hlas-pravoslavi.cz\/index.php\/wp-json\/wp\/v2\/comments?post=1246"}],"version-history":[{"count":1,"href":"https:\/\/www.hlas-pravoslavi.cz\/index.php\/wp-json\/wp\/v2\/posts\/1246\/revisions"}],"predecessor-version":[{"id":1252,"href":"https:\/\/www.hlas-pravoslavi.cz\/index.php\/wp-json\/wp\/v2\/posts\/1246\/revisions\/1252"}],"wp:attachment":[{"href":"https:\/\/www.hlas-pravoslavi.cz\/index.php\/wp-json\/wp\/v2\/media?parent=1246"}],"wp:term":[{"taxonomy":"category","embeddable":true,"href":"https:\/\/www.hlas-pravoslavi.cz\/index.php\/wp-json\/wp\/v2\/categories?post=1246"},{"taxonomy":"post_tag","embeddable":true,"href":"https:\/\/www.hlas-pravoslavi.cz\/index.php\/wp-json\/wp\/v2\/tags?post=1246"}],"curies":[{"name":"wp","href":"https:\/\/api.w.org\/{rel}","templated":true}]}}