{"id":1196,"date":"2022-05-20T17:35:16","date_gmt":"2022-05-20T16:35:16","guid":{"rendered":"https:\/\/www.hlas-pravoslavi.cz\/?p=1196"},"modified":"2022-06-01T17:35:37","modified_gmt":"2022-06-01T16:35:37","slug":"mezipravoslavne-pripravne-setkani-v-ramci-svetove-rady-cirkvi","status":"publish","type":"post","link":"https:\/\/www.hlas-pravoslavi.cz\/index.php\/2022\/05\/20\/mezipravoslavne-pripravne-setkani-v-ramci-svetove-rady-cirkvi\/","title":{"rendered":"Mezipravoslavn\u00e9 p\u0159\u00edpravn\u00e9 setk\u00e1n\u00ed v\u00a0r\u00e1mci Sv\u011btov\u00e9 rady c\u00edrkv\u00ed"},"content":{"rendered":"\n<p>Paralimni, Kypr, 10.\u201315. kv\u011btna 2022<\/p>\n\n\n\n<p class=\"has-text-align-left\">Ve dnech 10.\u201315. kv\u011btna 2022 na Kypru prob\u00edhalo mezipravoslavn\u00e9 setk\u00e1n\u00ed v&nbsp;r\u00e1mci p\u0159\u00edpravy na nadch\u00e1zej\u00edc\u00ed shrom\u00e1\u017ed\u011bn\u00ed Sv\u011btov\u00e9 rady c\u00edrkv\u00ed (WCC), kter\u00e9 se bude konat 31. srpna \u2013 8. z\u00e1\u0159\u00ed 2022 v&nbsp;n\u011bmeck\u00e9m Karlsruhe. Hlavn\u00ed t\u00e9ma shrom\u00e1\u017ed\u011bn\u00ed je \u201eKristova l\u00e1ska posouv\u00e1 sv\u011bt ke sm\u00ed\u0159en\u00ed a jednot\u011b\u201c.<\/p>\n\n\n\n<p>\u00da\u010delem prob\u011bhl\u00fdch mezipravoslavn\u00fdch konzultac\u00ed, kter\u00e9 po\u0159\u00e1dal a hostil Jeho Vysokop\u0159eosv\u00edcenost Vasilios, metropolita konstansk\u00fd a ammochostsk\u00fd z Kypersk\u00e9 pravoslavn\u00e9 c\u00edrkve, bylo zformulovat pravoslavn\u00fd pohled na hlavn\u00ed t\u00e9ma a podt\u00e9mata nadch\u00e1zej\u00edc\u00edho 11. shrom\u00e1\u017ed\u011bn\u00ed Sv\u011btov\u00e9 rady c\u00edrkv\u00ed, p\u0159ipravit deleg\u00e1ty a vyj\u00e1d\u0159it sv\u00e1 o\u010dek\u00e1v\u00e1n\u00ed ohledn\u011b nadch\u00e1zej\u00edc\u00edho shrom\u00e1\u017ed\u011bn\u00ed.<\/p>\n\n\n\n<p>Setk\u00e1n\u00ed se z\u00fa\u010dastnilo 50 p\u0159edstavitel\u016f z&nbsp;20 v\u00fdchodn\u00edch a orient\u00e1ln\u00edch pravoslavn\u00fdch c\u00edrkv\u00ed: konstantinopolsk\u00e9ho, alexandrijsk\u00e9ho, antiochijsk\u00e9ho, jeruzal\u00e9msk\u00e9ho, moskevsk\u00e9ho, srbsk\u00e9ho a rumunsk\u00e9ho patriarch\u00e1tu, kypersk\u00e9, \u0159eck\u00e9, polsk\u00e9, alb\u00e1nsk\u00e9 a finsk\u00e9 pravoslavn\u00e9 c\u00edrkve a Pravoslavn\u00e9 c\u00edrkve v&nbsp;\u010desk\u00fdch zem\u00edch a na Slovensku, dvou orient\u00e1ln\u00edch arm\u00e9nsk\u00fdch c\u00edrkv\u00ed, koptsk\u00e9, etiopsk\u00e9 a eritrejsk\u00e9 c\u00edrkve, syrsk\u00e9 c\u00edrkve antiochijsk\u00e9 a syrsk\u00e9 c\u00edrkve Malankara. Byli p\u0159\u00edtomni konzultanti z&nbsp;\u0159ad protestant\u016f \u2013 prof. Dr. Michael Kinnamon z&nbsp;USA a z \u0159\u00edmskokatolick\u00e9 c\u00edrkve \u2013 Rev. Fr. Dr. Hyacinthe Destivelle.<\/p>\n\n\n\n<p>Mezipravoslavn\u00e9 p\u0159edb\u011b\u017en\u00e9 setk\u00e1n\u00ed svou z\u00e1v\u011bre\u010dnou zpr\u00e1vou a komunik\u00e9 potvrdilo \u201enejvy\u0161\u0161\u00ed d\u016fle\u017eitost l\u00e1sky\u201c a \u201ev\u00fdzvu k jednot\u011b, sm\u00ed\u0159en\u00ed, spravedlnosti a m\u00edru\u201c.<\/p>\n\n\n\n<p>D\u016fle\u017eit\u00e9 je, \u017ee se setk\u00e1n\u00ed konalo v apo\u0161tolsk\u00e9 zemi, co\u017e \u00fa\u010dastn\u00edk\u016fm dalo p\u0159\u00edle\u017eitost se spole\u010dn\u011b modlit a pono\u0159it se do k\u0159es\u0165ansk\u00e9ho d\u011bdictv\u00ed ostrova Kypr a tak\u00e9 b\u00fdt informov\u00e1ni o aktu\u00e1ln\u00edch probl\u00e9mech a trvaj\u00edc\u00ed bolesti, kterou tureck\u00e1 okupace zp\u016fsobila m\u00edstn\u00edmu obyvatelstvu, okupace, kter\u00e1 udr\u017euje ostrov rozd\u011blen\u00fd.<\/p>\n\n\n\n<p>Jedn\u00edm z&nbsp;d\u016fle\u017eit\u00fdch t\u00e9mat setk\u00e1n\u00ed byl konflikt mezi Ruskem a Ukrajinou. Delegace Rusk\u00e9 pravoslavn\u00e9 c\u00edrkve informovala \u00fa\u010dastn\u00edky o ozbrojen\u00e9m konfliktu a o humanit\u00e1rn\u00ed misie RPC. \u00da\u010dastn\u00edci setk\u00e1n\u00ed m\u011bli mo\u017enost projednat postoj Rusk\u00e9 c\u00edrkve k t\u00e9to bolestn\u00e9 situaci a sd\u00edleli sv\u00e9 hlubok\u00e9 znepokojen\u00ed v\u00fdvojem v regionu, modlili se za m\u00edr a vyj\u00e1d\u0159ili nad\u011bji, \u017ee t\u00e9ma \u201eKristova l\u00e1ska posouv\u00e1 sv\u011bt ke sm\u00ed\u0159en\u00ed a jednot\u011b\u201c, zvolen\u00e9 pro p\u0159\u00ed\u0161t\u00ed shrom\u00e1\u017ed\u011bn\u00ed, bude dal\u0161\u00edm p\u0159\u00ednosem, kter\u00fd m\u016f\u017ee v\u00e9st tento krv\u00e1cej\u00edc\u00ed region, stejn\u011b jako dal\u0161\u00ed zem\u011b posti\u017een\u00e9 v\u00e1lkami, k m\u00edru a p\u0159ekon\u00e1n\u00ed rozd\u011blen\u00ed.<\/p>\n\n\n\n<p>Velk\u00e1 pozornost byla v\u011bnov\u00e1na refer\u00e1tu metropolity volokolamsk\u00e9ho Ilariona z&nbsp;Moskevsk\u00e9ho patriarch\u00e1tu na t\u00e9ma \u201eC\u00edlem l\u00e1sky Bo\u017e\u00ed vt\u011blen\u00e9 v Je\u017e\u00ed\u0161i Kristu je sm\u00ed\u0159en\u00ed a jednota\u201c. V&nbsp;r\u00e1mci refer\u00e1tu vladyka Ilarion zm\u00ednil v\u00e1le\u010dn\u00fd konflikt na Ukrajin\u011b a zd\u016fraznil, \u017ee \u201es po\u017eehn\u00e1n\u00edm Jeho Svatosti patriarchy moskevsk\u00e9ho a cel\u00e9ho Ruska Kirilla se Rusk\u00e1 pravoslavn\u00e1 c\u00edrkev na cel\u00e9m sv\u00e9m rozs\u00e1hl\u00e9m kanonick\u00e9m \u00fazem\u00ed denn\u011b modl\u00ed za obnoven\u00ed m\u00edru a uv\u011bdomuje si, \u017ee m\u00edr mus\u00ed b\u00fdt pevn\u00fd a trval\u00fd, co\u017e znamen\u00e1, \u017ee m\u00e1 b\u00fdt zalo\u017een na spravedlnosti.&#8220; Podle metropolity ale \u201esamotn\u00e1 modlitba nesta\u010d\u00ed. Je d\u016fle\u017eit\u00e9 pom\u00e1hat t\u011bm, kte\u0159\u00ed se ocitli v&nbsp;t\u011b\u017ek\u00e9 situaci\u201c.<\/p>\n\n\n\n<p>Jako p\u0159\u00edklad pr\u00e1ce Rusk\u00e9 pravoslavn\u00e9 c\u00edrkve metropolita Ilarion uvedl evakuaci civiln\u00edho obyvatelstva z&nbsp;tov\u00e1rny Azovstal v Mariupolu: \u201e29. dubna Jeho Svatost patriarcha moskevsk\u00fd a cel\u00e9 Rusi Kirill zavolal metropolitovi Mitrofanovi gorlovsk\u00e9mu a slavjansk\u00e9mu a po\u017e\u00e1dal ho, aby jel do Mariupolu a z\u00fa\u010dastnil se jedn\u00e1n\u00ed a evakuace lid\u00ed. 30. dubna a 1. kv\u011btna bylo 101 lid\u00ed v\u010detn\u011b \u0161esti d\u011bt\u00ed p\u0159evezeno na bezpe\u010dn\u00e1 m\u00edsta. 6. kv\u011btna bylo z Azovstalu evakuov\u00e1no dal\u0161\u00edch 51 lid\u00ed. Pot\u00e9 Rusko i Ukrajina ozn\u00e1mily, \u017ee evakuace civilist\u016f byla dokon\u010dena. Celkov\u00fd v\u00fdsledek akce je 152 zachr\u00e1n\u011bn\u00fdch \u017eivot\u016f.<\/p>\n\n\n\n<p>P\u0159edstavitel\u00e9 Rusk\u00e9 pravoslavn\u00e9 c\u00edrkve nazna\u010dili, \u017ee hlas c\u00edrkve v&nbsp;Rusku v&nbsp;nyn\u011bj\u0161\u00ed situaci bohu\u017eel nem\u016f\u017ee zn\u00edt \u00fapln\u011b svobodn\u011b a otev\u0159en\u011b. C\u00edrkev tak d\u00e1v\u00e1 p\u0159ednost \u010din\u016fm, ne slov\u016fm, a pokra\u010duje ve sv\u00e9 humanit\u00e1rn\u00ed misii v\u010detn\u011b poskytov\u00e1n\u00ed v\u0161estrann\u00e9 pomoci uprchl\u00edk\u016fm a podpory v\u00e1le\u010dn\u00fdch zajatc\u016f.<\/p>\n\n\n\n<p>V&nbsp;pr\u016fb\u011bhu setk\u00e1n\u00ed se mluvilo o okupaci Kypru Turky. C\u00edrkevn\u00ed deleg\u00e1ti vyslechli zpr\u00e1vu Jeho Vysokop\u0159eosv\u00edcenosti Vasilia, metropolity konstansk\u00e9ho a ammochostsk\u00e9ho, o d\u011bjin\u00e1ch a sou\u010dasnosti ostrova. Na christianizaci Kypru p\u016fsobili samotn\u00ed apo\u0161tolov\u00e9 \u2013 Pavel, Barnab\u00e1\u0161 a Marek. N\u011bkolik stalet\u00ed byl ostrov sou\u010d\u00e1st\u00ed Byzantsk\u00e9 \u0159\u00ed\u0161e, za\u017eil vp\u00e1dy k\u0159i\u017e\u00e1k\u016f, byl dobyt Turky a byl za\u010dlen\u011bn do Osmansk\u00e9 \u0159\u00ed\u0161e. V&nbsp;19. stolet\u00ed p\u0159ipadl Velk\u00e9 Brit\u00e1nii a po mnohalet\u00fdch n\u00e1rodn\u011b osvobozeneck\u00fdch boj\u00edch si Kyp\u0159an\u00e9 v&nbsp;roce 1960 kone\u010dn\u011b vybojovali svobodu a nez\u00e1vislost. Bohu\u017eel ji\u017e v&nbsp;roce 1974 se rozho\u0159ela v\u00e1lka s&nbsp;Turky a t\u0159etina ostrova byla okupov\u00e1na. Kypr op\u011bt zaplatil vysokou cenu za pr\u00e1vo b\u00fdt k\u0159i\u017eovatkou sv\u011bta \u2013 tis\u00edce zavra\u017ed\u011bn\u00fdch lid\u00ed, rabov\u00e1n\u00ed a ni\u010den\u00ed pravoslavn\u00fdch chr\u00e1m\u016f, vyst\u011bhov\u00e1n\u00ed k\u0159es\u0165an\u016f a dodnes se nehoj\u00edc\u00ed r\u00e1na v&nbsp;srdc\u00edch Kyp\u0159an\u016f. Deleg\u00e1ti mezipravoslavn\u00e9ho p\u0159\u00edpravn\u00e9ho setk\u00e1n\u00ed zd\u016fraznili urgentnost a d\u016fle\u017eitost tohoto probl\u00e9mu ve sv\u00e9&nbsp;z\u00e1v\u011bre\u010dn\u00e9 zpr\u00e1v\u011b a komunik\u00e9 a vyzvali v\u0161echny c\u00edrkve, aby se modlily a pracovaly na znovusjednocen\u00ed Kypru.<\/p>\n\n\n\n<p>V&nbsp;r\u00e1mci mezipravoslavn\u00e9ho p\u0159\u00edpravn\u00e9ho setk\u00e1n\u00ed deleg\u00e1ti vyslechli n\u011bkolik zpr\u00e1v p\u0159ipraven\u00fdch \u00fa\u010dastn\u00edky t\u00fdkaj\u00edc\u00edch se t\u00e9matu nadch\u00e1zej\u00edc\u00edho shrom\u00e1\u017ed\u011bn\u00ed WCC o usm\u00ed\u0159en\u00ed a jednot\u011b, solidarit\u011b a m\u00edru, plnosti \u017eivota v&nbsp;Kristu a lidsk\u00e9 d\u016fstojnosti v&nbsp;pojet\u00ed svat\u00fdch otc\u016f C\u00edrkve. Hlavn\u00ed my\u0161lenky t\u011bchto zpr\u00e1v byly za\u0159azeny do z\u00e1v\u011bre\u010dn\u00e9 zpr\u00e1vy sepsan\u00e9 n\u00e1vrhovou komis\u00ed a schv\u00e1len\u00e9 v\u0161emi \u00fa\u010dastn\u00edky mezipravoslavn\u00e9ho p\u0159\u00edpravn\u00e9ho setk\u00e1n\u00ed.<\/p>\n\n\n\n<p>Ka\u017ed\u00fd pracovn\u00ed den za\u010d\u00ednal a kon\u010dil spole\u010dnou modlitbou. Dvakr\u00e1t deleg\u00e1ti m\u011bli mo\u017enost nav\u0161t\u00edvit svatou liturgii, kter\u00e1 se slou\u017eila v&nbsp;chr\u00e1mu sv. Ji\u0159\u00ed V\u00edt\u011bzn\u00e9ho na teritoriu \u00fa\u0159adu konstansk\u00e9 a ammochostsk\u00e9 eparchie. 12. kv\u011btna byli v\u0161ichni \u00fa\u010dastn\u00edci setk\u00e1n\u00ed p\u0159ijati arcibiskupem kypersk\u00fdm Chrysostomem v&nbsp;jeho rezidenci v&nbsp;Nik\u00f3sii. &nbsp;<\/p>\n\n\n\n<p>Nad\u011b\u017eda Skvarnik<\/p>\n\n\n\n<p>Foto: https:\/\/oikoumene.photoshelter.com\/galleries\/C00000yHNWenCxZc\/Inter-Orthodox-pre-assembly-consultation-2022<\/p>\n\n\n\n<figure class=\"wp-block-gallery has-nested-images columns-default is-cropped wp-block-gallery-1 is-layout-flex wp-block-gallery-is-layout-flex\">\n<figure class=\"wp-block-image size-large\"><a href=\"https:\/\/www.hlas-pravoslavi.cz\/wp-content\/uploads\/2022\/06\/Cyprus-2022-Hillert-20220510_AH2_5682.jpg\" data-lbwps-width=\"1772\" data-lbwps-height=\"1183\" data-lbwps-srcsmall=\"http:\/\/www.hlas-pravoslavi.cz\/wp-content\/uploads\/2022\/06\/Cyprus-2022-Hillert-20220510_AH2_5682-300x200.jpg\"><img loading=\"lazy\" decoding=\"async\" width=\"1024\" height=\"684\" data-id=\"1197\" src=\"https:\/\/www.hlas-pravoslavi.cz\/wp-content\/uploads\/2022\/06\/Cyprus-2022-Hillert-20220510_AH2_5682-1024x684.jpg\" alt=\"\" class=\"wp-image-1197\" srcset=\"https:\/\/www.hlas-pravoslavi.cz\/wp-content\/uploads\/2022\/06\/Cyprus-2022-Hillert-20220510_AH2_5682-1024x684.jpg 1024w, https:\/\/www.hlas-pravoslavi.cz\/wp-content\/uploads\/2022\/06\/Cyprus-2022-Hillert-20220510_AH2_5682-300x200.jpg 300w, https:\/\/www.hlas-pravoslavi.cz\/wp-content\/uploads\/2022\/06\/Cyprus-2022-Hillert-20220510_AH2_5682-768x513.jpg 768w, https:\/\/www.hlas-pravoslavi.cz\/wp-content\/uploads\/2022\/06\/Cyprus-2022-Hillert-20220510_AH2_5682-1536x1025.jpg 1536w, https:\/\/www.hlas-pravoslavi.cz\/wp-content\/uploads\/2022\/06\/Cyprus-2022-Hillert-20220510_AH2_5682.jpg 1772w\" sizes=\"auto, (max-width: 1024px) 100vw, 1024px\" \/><\/a><\/figure>\n\n\n\n<figure class=\"wp-block-image size-large\"><a href=\"https:\/\/www.hlas-pravoslavi.cz\/wp-content\/uploads\/2022\/06\/Cyprus-2022-Hillert-20220510_AH2_6043.jpg\" data-lbwps-width=\"1772\" data-lbwps-height=\"1183\" data-lbwps-srcsmall=\"http:\/\/www.hlas-pravoslavi.cz\/wp-content\/uploads\/2022\/06\/Cyprus-2022-Hillert-20220510_AH2_6043-300x200.jpg\"><img loading=\"lazy\" decoding=\"async\" width=\"1024\" height=\"684\" data-id=\"1198\" src=\"https:\/\/www.hlas-pravoslavi.cz\/wp-content\/uploads\/2022\/06\/Cyprus-2022-Hillert-20220510_AH2_6043-1024x684.jpg\" alt=\"\" class=\"wp-image-1198\" srcset=\"https:\/\/www.hlas-pravoslavi.cz\/wp-content\/uploads\/2022\/06\/Cyprus-2022-Hillert-20220510_AH2_6043-1024x684.jpg 1024w, https:\/\/www.hlas-pravoslavi.cz\/wp-content\/uploads\/2022\/06\/Cyprus-2022-Hillert-20220510_AH2_6043-300x200.jpg 300w, https:\/\/www.hlas-pravoslavi.cz\/wp-content\/uploads\/2022\/06\/Cyprus-2022-Hillert-20220510_AH2_6043-768x513.jpg 768w, https:\/\/www.hlas-pravoslavi.cz\/wp-content\/uploads\/2022\/06\/Cyprus-2022-Hillert-20220510_AH2_6043-1536x1025.jpg 1536w, https:\/\/www.hlas-pravoslavi.cz\/wp-content\/uploads\/2022\/06\/Cyprus-2022-Hillert-20220510_AH2_6043.jpg 1772w\" sizes=\"auto, (max-width: 1024px) 100vw, 1024px\" \/><\/a><\/figure>\n\n\n\n<figure class=\"wp-block-image size-large\"><a href=\"https:\/\/www.hlas-pravoslavi.cz\/wp-content\/uploads\/2022\/06\/Cyprus-2022-Hillert-20220511_AH1_8533.jpg\" data-lbwps-width=\"1637\" data-lbwps-height=\"1280\" data-lbwps-srcsmall=\"http:\/\/www.hlas-pravoslavi.cz\/wp-content\/uploads\/2022\/06\/Cyprus-2022-Hillert-20220511_AH1_8533-300x235.jpg\"><img loading=\"lazy\" decoding=\"async\" width=\"1024\" height=\"801\" data-id=\"1199\" src=\"https:\/\/www.hlas-pravoslavi.cz\/wp-content\/uploads\/2022\/06\/Cyprus-2022-Hillert-20220511_AH1_8533-1024x801.jpg\" alt=\"\" class=\"wp-image-1199\" srcset=\"https:\/\/www.hlas-pravoslavi.cz\/wp-content\/uploads\/2022\/06\/Cyprus-2022-Hillert-20220511_AH1_8533-1024x801.jpg 1024w, https:\/\/www.hlas-pravoslavi.cz\/wp-content\/uploads\/2022\/06\/Cyprus-2022-Hillert-20220511_AH1_8533-300x235.jpg 300w, https:\/\/www.hlas-pravoslavi.cz\/wp-content\/uploads\/2022\/06\/Cyprus-2022-Hillert-20220511_AH1_8533-768x601.jpg 768w, https:\/\/www.hlas-pravoslavi.cz\/wp-content\/uploads\/2022\/06\/Cyprus-2022-Hillert-20220511_AH1_8533-1536x1201.jpg 1536w, https:\/\/www.hlas-pravoslavi.cz\/wp-content\/uploads\/2022\/06\/Cyprus-2022-Hillert-20220511_AH1_8533.jpg 1637w\" sizes=\"auto, (max-width: 1024px) 100vw, 1024px\" \/><\/a><\/figure>\n\n\n\n<figure class=\"wp-block-image size-large\"><a href=\"https:\/\/www.hlas-pravoslavi.cz\/wp-content\/uploads\/2022\/06\/Cyprus-2022-Hillert-20220511_AH2_6186.jpg\" data-lbwps-width=\"1797\" data-lbwps-height=\"1166\" data-lbwps-srcsmall=\"http:\/\/www.hlas-pravoslavi.cz\/wp-content\/uploads\/2022\/06\/Cyprus-2022-Hillert-20220511_AH2_6186-300x195.jpg\"><img loading=\"lazy\" decoding=\"async\" width=\"1024\" height=\"664\" data-id=\"1200\" src=\"https:\/\/www.hlas-pravoslavi.cz\/wp-content\/uploads\/2022\/06\/Cyprus-2022-Hillert-20220511_AH2_6186-1024x664.jpg\" alt=\"\" class=\"wp-image-1200\" srcset=\"https:\/\/www.hlas-pravoslavi.cz\/wp-content\/uploads\/2022\/06\/Cyprus-2022-Hillert-20220511_AH2_6186-1024x664.jpg 1024w, https:\/\/www.hlas-pravoslavi.cz\/wp-content\/uploads\/2022\/06\/Cyprus-2022-Hillert-20220511_AH2_6186-300x195.jpg 300w, https:\/\/www.hlas-pravoslavi.cz\/wp-content\/uploads\/2022\/06\/Cyprus-2022-Hillert-20220511_AH2_6186-768x498.jpg 768w, https:\/\/www.hlas-pravoslavi.cz\/wp-content\/uploads\/2022\/06\/Cyprus-2022-Hillert-20220511_AH2_6186-1536x997.jpg 1536w, https:\/\/www.hlas-pravoslavi.cz\/wp-content\/uploads\/2022\/06\/Cyprus-2022-Hillert-20220511_AH2_6186.jpg 1797w\" sizes=\"auto, (max-width: 1024px) 100vw, 1024px\" \/><\/a><\/figure>\n\n\n\n<figure class=\"wp-block-image size-large\"><a href=\"https:\/\/www.hlas-pravoslavi.cz\/wp-content\/uploads\/2022\/06\/Cyprus-2022-Hillert-20220511_AH2_6195.jpg\" data-lbwps-width=\"1772\" data-lbwps-height=\"1183\" data-lbwps-srcsmall=\"http:\/\/www.hlas-pravoslavi.cz\/wp-content\/uploads\/2022\/06\/Cyprus-2022-Hillert-20220511_AH2_6195-300x200.jpg\"><img loading=\"lazy\" decoding=\"async\" width=\"1024\" height=\"684\" data-id=\"1201\" src=\"https:\/\/www.hlas-pravoslavi.cz\/wp-content\/uploads\/2022\/06\/Cyprus-2022-Hillert-20220511_AH2_6195-1024x684.jpg\" alt=\"\" class=\"wp-image-1201\" srcset=\"https:\/\/www.hlas-pravoslavi.cz\/wp-content\/uploads\/2022\/06\/Cyprus-2022-Hillert-20220511_AH2_6195-1024x684.jpg 1024w, https:\/\/www.hlas-pravoslavi.cz\/wp-content\/uploads\/2022\/06\/Cyprus-2022-Hillert-20220511_AH2_6195-300x200.jpg 300w, https:\/\/www.hlas-pravoslavi.cz\/wp-content\/uploads\/2022\/06\/Cyprus-2022-Hillert-20220511_AH2_6195-768x513.jpg 768w, https:\/\/www.hlas-pravoslavi.cz\/wp-content\/uploads\/2022\/06\/Cyprus-2022-Hillert-20220511_AH2_6195-1536x1025.jpg 1536w, https:\/\/www.hlas-pravoslavi.cz\/wp-content\/uploads\/2022\/06\/Cyprus-2022-Hillert-20220511_AH2_6195.jpg 1772w\" sizes=\"auto, (max-width: 1024px) 100vw, 1024px\" \/><\/a><\/figure>\n\n\n\n<figure class=\"wp-block-image size-large\"><a href=\"https:\/\/www.hlas-pravoslavi.cz\/wp-content\/uploads\/2022\/06\/Cyprus-2022-Hillert-20220511_AH2_6281.jpg\" data-lbwps-width=\"1772\" data-lbwps-height=\"1183\" data-lbwps-srcsmall=\"http:\/\/www.hlas-pravoslavi.cz\/wp-content\/uploads\/2022\/06\/Cyprus-2022-Hillert-20220511_AH2_6281-300x200.jpg\"><img loading=\"lazy\" decoding=\"async\" width=\"1024\" height=\"684\" data-id=\"1202\" src=\"https:\/\/www.hlas-pravoslavi.cz\/wp-content\/uploads\/2022\/06\/Cyprus-2022-Hillert-20220511_AH2_6281-1024x684.jpg\" alt=\"\" class=\"wp-image-1202\" srcset=\"https:\/\/www.hlas-pravoslavi.cz\/wp-content\/uploads\/2022\/06\/Cyprus-2022-Hillert-20220511_AH2_6281-1024x684.jpg 1024w, https:\/\/www.hlas-pravoslavi.cz\/wp-content\/uploads\/2022\/06\/Cyprus-2022-Hillert-20220511_AH2_6281-300x200.jpg 300w, https:\/\/www.hlas-pravoslavi.cz\/wp-content\/uploads\/2022\/06\/Cyprus-2022-Hillert-20220511_AH2_6281-768x513.jpg 768w, https:\/\/www.hlas-pravoslavi.cz\/wp-content\/uploads\/2022\/06\/Cyprus-2022-Hillert-20220511_AH2_6281-1536x1025.jpg 1536w, https:\/\/www.hlas-pravoslavi.cz\/wp-content\/uploads\/2022\/06\/Cyprus-2022-Hillert-20220511_AH2_6281.jpg 1772w\" sizes=\"auto, (max-width: 1024px) 100vw, 1024px\" \/><\/a><\/figure>\n\n\n\n<figure class=\"wp-block-image size-large\"><a href=\"https:\/\/www.hlas-pravoslavi.cz\/wp-content\/uploads\/2022\/06\/Cyprus-2022-Hillert-20220511_AH2_6291.jpg\" data-lbwps-width=\"1772\" data-lbwps-height=\"1183\" data-lbwps-srcsmall=\"http:\/\/www.hlas-pravoslavi.cz\/wp-content\/uploads\/2022\/06\/Cyprus-2022-Hillert-20220511_AH2_6291-300x200.jpg\"><img loading=\"lazy\" decoding=\"async\" width=\"1024\" height=\"684\" data-id=\"1203\" src=\"https:\/\/www.hlas-pravoslavi.cz\/wp-content\/uploads\/2022\/06\/Cyprus-2022-Hillert-20220511_AH2_6291-1024x684.jpg\" alt=\"\" class=\"wp-image-1203\" srcset=\"https:\/\/www.hlas-pravoslavi.cz\/wp-content\/uploads\/2022\/06\/Cyprus-2022-Hillert-20220511_AH2_6291-1024x684.jpg 1024w, https:\/\/www.hlas-pravoslavi.cz\/wp-content\/uploads\/2022\/06\/Cyprus-2022-Hillert-20220511_AH2_6291-300x200.jpg 300w, https:\/\/www.hlas-pravoslavi.cz\/wp-content\/uploads\/2022\/06\/Cyprus-2022-Hillert-20220511_AH2_6291-768x513.jpg 768w, https:\/\/www.hlas-pravoslavi.cz\/wp-content\/uploads\/2022\/06\/Cyprus-2022-Hillert-20220511_AH2_6291-1536x1025.jpg 1536w, https:\/\/www.hlas-pravoslavi.cz\/wp-content\/uploads\/2022\/06\/Cyprus-2022-Hillert-20220511_AH2_6291.jpg 1772w\" sizes=\"auto, (max-width: 1024px) 100vw, 1024px\" \/><\/a><\/figure>\n\n\n\n<figure class=\"wp-block-image size-large\"><a href=\"https:\/\/www.hlas-pravoslavi.cz\/wp-content\/uploads\/2022\/06\/Cyprus-2022-Hillert-20220511_AH2_6323.jpg\" data-lbwps-width=\"1832\" data-lbwps-height=\"1144\" data-lbwps-srcsmall=\"http:\/\/www.hlas-pravoslavi.cz\/wp-content\/uploads\/2022\/06\/Cyprus-2022-Hillert-20220511_AH2_6323-300x187.jpg\"><img loading=\"lazy\" decoding=\"async\" width=\"1024\" height=\"639\" data-id=\"1204\" src=\"https:\/\/www.hlas-pravoslavi.cz\/wp-content\/uploads\/2022\/06\/Cyprus-2022-Hillert-20220511_AH2_6323-1024x639.jpg\" alt=\"\" class=\"wp-image-1204\" srcset=\"https:\/\/www.hlas-pravoslavi.cz\/wp-content\/uploads\/2022\/06\/Cyprus-2022-Hillert-20220511_AH2_6323-1024x639.jpg 1024w, https:\/\/www.hlas-pravoslavi.cz\/wp-content\/uploads\/2022\/06\/Cyprus-2022-Hillert-20220511_AH2_6323-300x187.jpg 300w, https:\/\/www.hlas-pravoslavi.cz\/wp-content\/uploads\/2022\/06\/Cyprus-2022-Hillert-20220511_AH2_6323-768x480.jpg 768w, https:\/\/www.hlas-pravoslavi.cz\/wp-content\/uploads\/2022\/06\/Cyprus-2022-Hillert-20220511_AH2_6323-1536x959.jpg 1536w, https:\/\/www.hlas-pravoslavi.cz\/wp-content\/uploads\/2022\/06\/Cyprus-2022-Hillert-20220511_AH2_6323.jpg 1832w\" sizes=\"auto, (max-width: 1024px) 100vw, 1024px\" \/><\/a><\/figure>\n\n\n\n<figure class=\"wp-block-image size-large\"><a href=\"https:\/\/www.hlas-pravoslavi.cz\/wp-content\/uploads\/2022\/06\/Cyprus-2022-Hillert-20220511_AH2_6412.jpg\" data-lbwps-width=\"1772\" data-lbwps-height=\"1183\" data-lbwps-srcsmall=\"http:\/\/www.hlas-pravoslavi.cz\/wp-content\/uploads\/2022\/06\/Cyprus-2022-Hillert-20220511_AH2_6412-300x200.jpg\"><img loading=\"lazy\" decoding=\"async\" width=\"1024\" height=\"684\" data-id=\"1205\" src=\"https:\/\/www.hlas-pravoslavi.cz\/wp-content\/uploads\/2022\/06\/Cyprus-2022-Hillert-20220511_AH2_6412-1024x684.jpg\" alt=\"\" class=\"wp-image-1205\" srcset=\"https:\/\/www.hlas-pravoslavi.cz\/wp-content\/uploads\/2022\/06\/Cyprus-2022-Hillert-20220511_AH2_6412-1024x684.jpg 1024w, https:\/\/www.hlas-pravoslavi.cz\/wp-content\/uploads\/2022\/06\/Cyprus-2022-Hillert-20220511_AH2_6412-300x200.jpg 300w, https:\/\/www.hlas-pravoslavi.cz\/wp-content\/uploads\/2022\/06\/Cyprus-2022-Hillert-20220511_AH2_6412-768x513.jpg 768w, https:\/\/www.hlas-pravoslavi.cz\/wp-content\/uploads\/2022\/06\/Cyprus-2022-Hillert-20220511_AH2_6412-1536x1025.jpg 1536w, https:\/\/www.hlas-pravoslavi.cz\/wp-content\/uploads\/2022\/06\/Cyprus-2022-Hillert-20220511_AH2_6412.jpg 1772w\" sizes=\"auto, (max-width: 1024px) 100vw, 1024px\" \/><\/a><\/figure>\n\n\n\n<figure class=\"wp-block-image size-large\"><a href=\"https:\/\/www.hlas-pravoslavi.cz\/wp-content\/uploads\/2022\/06\/Cyprus-2022-Hillert-20220512_AH1_8841.jpg\" data-lbwps-width=\"1772\" data-lbwps-height=\"1183\" data-lbwps-srcsmall=\"http:\/\/www.hlas-pravoslavi.cz\/wp-content\/uploads\/2022\/06\/Cyprus-2022-Hillert-20220512_AH1_8841-300x200.jpg\"><img loading=\"lazy\" decoding=\"async\" width=\"1024\" height=\"684\" data-id=\"1206\" src=\"https:\/\/www.hlas-pravoslavi.cz\/wp-content\/uploads\/2022\/06\/Cyprus-2022-Hillert-20220512_AH1_8841-1024x684.jpg\" alt=\"\" class=\"wp-image-1206\" srcset=\"https:\/\/www.hlas-pravoslavi.cz\/wp-content\/uploads\/2022\/06\/Cyprus-2022-Hillert-20220512_AH1_8841-1024x684.jpg 1024w, https:\/\/www.hlas-pravoslavi.cz\/wp-content\/uploads\/2022\/06\/Cyprus-2022-Hillert-20220512_AH1_8841-300x200.jpg 300w, https:\/\/www.hlas-pravoslavi.cz\/wp-content\/uploads\/2022\/06\/Cyprus-2022-Hillert-20220512_AH1_8841-768x513.jpg 768w, https:\/\/www.hlas-pravoslavi.cz\/wp-content\/uploads\/2022\/06\/Cyprus-2022-Hillert-20220512_AH1_8841-1536x1025.jpg 1536w, https:\/\/www.hlas-pravoslavi.cz\/wp-content\/uploads\/2022\/06\/Cyprus-2022-Hillert-20220512_AH1_8841.jpg 1772w\" sizes=\"auto, (max-width: 1024px) 100vw, 1024px\" \/><\/a><\/figure>\n\n\n\n<figure class=\"wp-block-image size-large\"><a href=\"https:\/\/www.hlas-pravoslavi.cz\/wp-content\/uploads\/2022\/06\/Cyprus-2022-Hillert-20220512_AH2_6997.jpg\" data-lbwps-width=\"1772\" data-lbwps-height=\"1183\" data-lbwps-srcsmall=\"http:\/\/www.hlas-pravoslavi.cz\/wp-content\/uploads\/2022\/06\/Cyprus-2022-Hillert-20220512_AH2_6997-300x200.jpg\"><img loading=\"lazy\" decoding=\"async\" width=\"1024\" height=\"684\" data-id=\"1207\" src=\"https:\/\/www.hlas-pravoslavi.cz\/wp-content\/uploads\/2022\/06\/Cyprus-2022-Hillert-20220512_AH2_6997-1024x684.jpg\" alt=\"\" class=\"wp-image-1207\" srcset=\"https:\/\/www.hlas-pravoslavi.cz\/wp-content\/uploads\/2022\/06\/Cyprus-2022-Hillert-20220512_AH2_6997-1024x684.jpg 1024w, https:\/\/www.hlas-pravoslavi.cz\/wp-content\/uploads\/2022\/06\/Cyprus-2022-Hillert-20220512_AH2_6997-300x200.jpg 300w, https:\/\/www.hlas-pravoslavi.cz\/wp-content\/uploads\/2022\/06\/Cyprus-2022-Hillert-20220512_AH2_6997-768x513.jpg 768w, https:\/\/www.hlas-pravoslavi.cz\/wp-content\/uploads\/2022\/06\/Cyprus-2022-Hillert-20220512_AH2_6997-1536x1025.jpg 1536w, https:\/\/www.hlas-pravoslavi.cz\/wp-content\/uploads\/2022\/06\/Cyprus-2022-Hillert-20220512_AH2_6997.jpg 1772w\" sizes=\"auto, (max-width: 1024px) 100vw, 1024px\" \/><\/a><\/figure>\n\n\n\n<figure class=\"wp-block-image size-large\"><a href=\"https:\/\/www.hlas-pravoslavi.cz\/wp-content\/uploads\/2022\/06\/Cyprus-2022-Hillert-20220512_AH2_7006.jpg\" data-lbwps-width=\"1705\" data-lbwps-height=\"1229\" data-lbwps-srcsmall=\"http:\/\/www.hlas-pravoslavi.cz\/wp-content\/uploads\/2022\/06\/Cyprus-2022-Hillert-20220512_AH2_7006-300x216.jpg\"><img loading=\"lazy\" decoding=\"async\" width=\"1024\" height=\"738\" data-id=\"1208\" src=\"https:\/\/www.hlas-pravoslavi.cz\/wp-content\/uploads\/2022\/06\/Cyprus-2022-Hillert-20220512_AH2_7006-1024x738.jpg\" alt=\"\" class=\"wp-image-1208\" srcset=\"https:\/\/www.hlas-pravoslavi.cz\/wp-content\/uploads\/2022\/06\/Cyprus-2022-Hillert-20220512_AH2_7006-1024x738.jpg 1024w, https:\/\/www.hlas-pravoslavi.cz\/wp-content\/uploads\/2022\/06\/Cyprus-2022-Hillert-20220512_AH2_7006-300x216.jpg 300w, https:\/\/www.hlas-pravoslavi.cz\/wp-content\/uploads\/2022\/06\/Cyprus-2022-Hillert-20220512_AH2_7006-768x554.jpg 768w, https:\/\/www.hlas-pravoslavi.cz\/wp-content\/uploads\/2022\/06\/Cyprus-2022-Hillert-20220512_AH2_7006-1536x1107.jpg 1536w, https:\/\/www.hlas-pravoslavi.cz\/wp-content\/uploads\/2022\/06\/Cyprus-2022-Hillert-20220512_AH2_7006.jpg 1705w\" sizes=\"auto, (max-width: 1024px) 100vw, 1024px\" \/><\/a><\/figure>\n\n\n\n<figure class=\"wp-block-image size-large\"><a href=\"https:\/\/www.hlas-pravoslavi.cz\/wp-content\/uploads\/2022\/06\/Cyprus-2022-Hillert-20220512_AH2_7031.jpg\" data-lbwps-width=\"1810\" data-lbwps-height=\"1158\" data-lbwps-srcsmall=\"http:\/\/www.hlas-pravoslavi.cz\/wp-content\/uploads\/2022\/06\/Cyprus-2022-Hillert-20220512_AH2_7031-300x192.jpg\"><img loading=\"lazy\" decoding=\"async\" width=\"1024\" height=\"655\" data-id=\"1209\" src=\"https:\/\/www.hlas-pravoslavi.cz\/wp-content\/uploads\/2022\/06\/Cyprus-2022-Hillert-20220512_AH2_7031-1024x655.jpg\" alt=\"\" class=\"wp-image-1209\" srcset=\"https:\/\/www.hlas-pravoslavi.cz\/wp-content\/uploads\/2022\/06\/Cyprus-2022-Hillert-20220512_AH2_7031-1024x655.jpg 1024w, https:\/\/www.hlas-pravoslavi.cz\/wp-content\/uploads\/2022\/06\/Cyprus-2022-Hillert-20220512_AH2_7031-300x192.jpg 300w, https:\/\/www.hlas-pravoslavi.cz\/wp-content\/uploads\/2022\/06\/Cyprus-2022-Hillert-20220512_AH2_7031-768x491.jpg 768w, https:\/\/www.hlas-pravoslavi.cz\/wp-content\/uploads\/2022\/06\/Cyprus-2022-Hillert-20220512_AH2_7031-1536x983.jpg 1536w, https:\/\/www.hlas-pravoslavi.cz\/wp-content\/uploads\/2022\/06\/Cyprus-2022-Hillert-20220512_AH2_7031.jpg 1810w\" sizes=\"auto, (max-width: 1024px) 100vw, 1024px\" \/><\/a><\/figure>\n\n\n\n<figure class=\"wp-block-image size-large\"><a href=\"https:\/\/www.hlas-pravoslavi.cz\/wp-content\/uploads\/2022\/06\/Cyprus-2022-Hillert-20220514_AH2_7310.jpg\" data-lbwps-width=\"1772\" data-lbwps-height=\"1183\" data-lbwps-srcsmall=\"http:\/\/www.hlas-pravoslavi.cz\/wp-content\/uploads\/2022\/06\/Cyprus-2022-Hillert-20220514_AH2_7310-300x200.jpg\"><img loading=\"lazy\" decoding=\"async\" width=\"1024\" height=\"684\" data-id=\"1210\" src=\"https:\/\/www.hlas-pravoslavi.cz\/wp-content\/uploads\/2022\/06\/Cyprus-2022-Hillert-20220514_AH2_7310-1024x684.jpg\" alt=\"\" class=\"wp-image-1210\" srcset=\"https:\/\/www.hlas-pravoslavi.cz\/wp-content\/uploads\/2022\/06\/Cyprus-2022-Hillert-20220514_AH2_7310-1024x684.jpg 1024w, https:\/\/www.hlas-pravoslavi.cz\/wp-content\/uploads\/2022\/06\/Cyprus-2022-Hillert-20220514_AH2_7310-300x200.jpg 300w, https:\/\/www.hlas-pravoslavi.cz\/wp-content\/uploads\/2022\/06\/Cyprus-2022-Hillert-20220514_AH2_7310-768x513.jpg 768w, https:\/\/www.hlas-pravoslavi.cz\/wp-content\/uploads\/2022\/06\/Cyprus-2022-Hillert-20220514_AH2_7310-1536x1025.jpg 1536w, https:\/\/www.hlas-pravoslavi.cz\/wp-content\/uploads\/2022\/06\/Cyprus-2022-Hillert-20220514_AH2_7310.jpg 1772w\" sizes=\"auto, (max-width: 1024px) 100vw, 1024px\" \/><\/a><\/figure>\n\n\n\n<figure class=\"wp-block-image size-large\"><a href=\"https:\/\/www.hlas-pravoslavi.cz\/wp-content\/uploads\/2022\/06\/Cyprus-2022-Hillert-20220515_AH1_8949.jpg\" data-lbwps-width=\"1699\" data-lbwps-height=\"1233\" data-lbwps-srcsmall=\"http:\/\/www.hlas-pravoslavi.cz\/wp-content\/uploads\/2022\/06\/Cyprus-2022-Hillert-20220515_AH1_8949-300x218.jpg\"><img loading=\"lazy\" decoding=\"async\" width=\"1024\" height=\"743\" data-id=\"1211\" src=\"https:\/\/www.hlas-pravoslavi.cz\/wp-content\/uploads\/2022\/06\/Cyprus-2022-Hillert-20220515_AH1_8949-1024x743.jpg\" alt=\"\" class=\"wp-image-1211\" srcset=\"https:\/\/www.hlas-pravoslavi.cz\/wp-content\/uploads\/2022\/06\/Cyprus-2022-Hillert-20220515_AH1_8949-1024x743.jpg 1024w, https:\/\/www.hlas-pravoslavi.cz\/wp-content\/uploads\/2022\/06\/Cyprus-2022-Hillert-20220515_AH1_8949-300x218.jpg 300w, https:\/\/www.hlas-pravoslavi.cz\/wp-content\/uploads\/2022\/06\/Cyprus-2022-Hillert-20220515_AH1_8949-768x557.jpg 768w, https:\/\/www.hlas-pravoslavi.cz\/wp-content\/uploads\/2022\/06\/Cyprus-2022-Hillert-20220515_AH1_8949-1536x1115.jpg 1536w, https:\/\/www.hlas-pravoslavi.cz\/wp-content\/uploads\/2022\/06\/Cyprus-2022-Hillert-20220515_AH1_8949.jpg 1699w\" sizes=\"auto, (max-width: 1024px) 100vw, 1024px\" \/><\/a><\/figure>\n\n\n\n<figure class=\"wp-block-image size-large\"><a href=\"https:\/\/www.hlas-pravoslavi.cz\/wp-content\/uploads\/2022\/06\/Cyprus-2022-Hillert-20220515_AH1_8985.jpg\" data-lbwps-width=\"1795\" data-lbwps-height=\"1167\" data-lbwps-srcsmall=\"http:\/\/www.hlas-pravoslavi.cz\/wp-content\/uploads\/2022\/06\/Cyprus-2022-Hillert-20220515_AH1_8985-300x195.jpg\"><img loading=\"lazy\" decoding=\"async\" width=\"1024\" height=\"666\" data-id=\"1212\" src=\"https:\/\/www.hlas-pravoslavi.cz\/wp-content\/uploads\/2022\/06\/Cyprus-2022-Hillert-20220515_AH1_8985-1024x666.jpg\" alt=\"\" class=\"wp-image-1212\" srcset=\"https:\/\/www.hlas-pravoslavi.cz\/wp-content\/uploads\/2022\/06\/Cyprus-2022-Hillert-20220515_AH1_8985-1024x666.jpg 1024w, https:\/\/www.hlas-pravoslavi.cz\/wp-content\/uploads\/2022\/06\/Cyprus-2022-Hillert-20220515_AH1_8985-300x195.jpg 300w, https:\/\/www.hlas-pravoslavi.cz\/wp-content\/uploads\/2022\/06\/Cyprus-2022-Hillert-20220515_AH1_8985-768x499.jpg 768w, https:\/\/www.hlas-pravoslavi.cz\/wp-content\/uploads\/2022\/06\/Cyprus-2022-Hillert-20220515_AH1_8985-1536x999.jpg 1536w, https:\/\/www.hlas-pravoslavi.cz\/wp-content\/uploads\/2022\/06\/Cyprus-2022-Hillert-20220515_AH1_8985.jpg 1795w\" sizes=\"auto, (max-width: 1024px) 100vw, 1024px\" \/><\/a><\/figure>\n\n\n\n<figure class=\"wp-block-image size-large\"><a href=\"https:\/\/www.hlas-pravoslavi.cz\/wp-content\/uploads\/2022\/06\/Cyprus-2022-Hillert-20220515_AH2_7426.jpg\" data-lbwps-width=\"1772\" data-lbwps-height=\"1183\" data-lbwps-srcsmall=\"http:\/\/www.hlas-pravoslavi.cz\/wp-content\/uploads\/2022\/06\/Cyprus-2022-Hillert-20220515_AH2_7426-300x200.jpg\"><img loading=\"lazy\" decoding=\"async\" width=\"1024\" height=\"684\" data-id=\"1213\" src=\"https:\/\/www.hlas-pravoslavi.cz\/wp-content\/uploads\/2022\/06\/Cyprus-2022-Hillert-20220515_AH2_7426-1024x684.jpg\" alt=\"\" class=\"wp-image-1213\" srcset=\"https:\/\/www.hlas-pravoslavi.cz\/wp-content\/uploads\/2022\/06\/Cyprus-2022-Hillert-20220515_AH2_7426-1024x684.jpg 1024w, https:\/\/www.hlas-pravoslavi.cz\/wp-content\/uploads\/2022\/06\/Cyprus-2022-Hillert-20220515_AH2_7426-300x200.jpg 300w, https:\/\/www.hlas-pravoslavi.cz\/wp-content\/uploads\/2022\/06\/Cyprus-2022-Hillert-20220515_AH2_7426-768x513.jpg 768w, https:\/\/www.hlas-pravoslavi.cz\/wp-content\/uploads\/2022\/06\/Cyprus-2022-Hillert-20220515_AH2_7426-1536x1025.jpg 1536w, https:\/\/www.hlas-pravoslavi.cz\/wp-content\/uploads\/2022\/06\/Cyprus-2022-Hillert-20220515_AH2_7426.jpg 1772w\" sizes=\"auto, (max-width: 1024px) 100vw, 1024px\" \/><\/a><\/figure>\n\n\n\n<figure class=\"wp-block-image size-large\"><a href=\"https:\/\/www.hlas-pravoslavi.cz\/wp-content\/uploads\/2022\/06\/Cyprus-2022-Hillert-20220515_AH2_7589.jpg\" data-lbwps-width=\"1772\" data-lbwps-height=\"1183\" data-lbwps-srcsmall=\"http:\/\/www.hlas-pravoslavi.cz\/wp-content\/uploads\/2022\/06\/Cyprus-2022-Hillert-20220515_AH2_7589-300x200.jpg\"><img loading=\"lazy\" decoding=\"async\" width=\"1024\" height=\"684\" data-id=\"1214\" src=\"https:\/\/www.hlas-pravoslavi.cz\/wp-content\/uploads\/2022\/06\/Cyprus-2022-Hillert-20220515_AH2_7589-1024x684.jpg\" alt=\"\" class=\"wp-image-1214\" srcset=\"https:\/\/www.hlas-pravoslavi.cz\/wp-content\/uploads\/2022\/06\/Cyprus-2022-Hillert-20220515_AH2_7589-1024x684.jpg 1024w, https:\/\/www.hlas-pravoslavi.cz\/wp-content\/uploads\/2022\/06\/Cyprus-2022-Hillert-20220515_AH2_7589-300x200.jpg 300w, https:\/\/www.hlas-pravoslavi.cz\/wp-content\/uploads\/2022\/06\/Cyprus-2022-Hillert-20220515_AH2_7589-768x513.jpg 768w, https:\/\/www.hlas-pravoslavi.cz\/wp-content\/uploads\/2022\/06\/Cyprus-2022-Hillert-20220515_AH2_7589-1536x1025.jpg 1536w, https:\/\/www.hlas-pravoslavi.cz\/wp-content\/uploads\/2022\/06\/Cyprus-2022-Hillert-20220515_AH2_7589.jpg 1772w\" sizes=\"auto, (max-width: 1024px) 100vw, 1024px\" \/><\/a><\/figure>\n\n\n\n<figure class=\"wp-block-image size-large\"><a href=\"https:\/\/www.hlas-pravoslavi.cz\/wp-content\/uploads\/2022\/06\/Cyprus-2022-Hillert-20220515_AH2_7846.jpg\" data-lbwps-width=\"1772\" data-lbwps-height=\"1183\" data-lbwps-srcsmall=\"http:\/\/www.hlas-pravoslavi.cz\/wp-content\/uploads\/2022\/06\/Cyprus-2022-Hillert-20220515_AH2_7846-300x200.jpg\"><img loading=\"lazy\" decoding=\"async\" width=\"1024\" height=\"684\" data-id=\"1215\" src=\"https:\/\/www.hlas-pravoslavi.cz\/wp-content\/uploads\/2022\/06\/Cyprus-2022-Hillert-20220515_AH2_7846-1024x684.jpg\" alt=\"\" class=\"wp-image-1215\" srcset=\"https:\/\/www.hlas-pravoslavi.cz\/wp-content\/uploads\/2022\/06\/Cyprus-2022-Hillert-20220515_AH2_7846-1024x684.jpg 1024w, https:\/\/www.hlas-pravoslavi.cz\/wp-content\/uploads\/2022\/06\/Cyprus-2022-Hillert-20220515_AH2_7846-300x200.jpg 300w, https:\/\/www.hlas-pravoslavi.cz\/wp-content\/uploads\/2022\/06\/Cyprus-2022-Hillert-20220515_AH2_7846-768x513.jpg 768w, https:\/\/www.hlas-pravoslavi.cz\/wp-content\/uploads\/2022\/06\/Cyprus-2022-Hillert-20220515_AH2_7846-1536x1025.jpg 1536w, https:\/\/www.hlas-pravoslavi.cz\/wp-content\/uploads\/2022\/06\/Cyprus-2022-Hillert-20220515_AH2_7846.jpg 1772w\" sizes=\"auto, (max-width: 1024px) 100vw, 1024px\" \/><\/a><\/figure>\n\n\n\n<figure class=\"wp-block-image size-large\"><a href=\"https:\/\/www.hlas-pravoslavi.cz\/wp-content\/uploads\/2022\/06\/Cyprus-2022-Hillert-20220515_AH2_7853.jpg\" data-lbwps-width=\"1772\" data-lbwps-height=\"1183\" data-lbwps-srcsmall=\"http:\/\/www.hlas-pravoslavi.cz\/wp-content\/uploads\/2022\/06\/Cyprus-2022-Hillert-20220515_AH2_7853-300x200.jpg\"><img loading=\"lazy\" decoding=\"async\" width=\"1024\" height=\"684\" data-id=\"1216\" src=\"https:\/\/www.hlas-pravoslavi.cz\/wp-content\/uploads\/2022\/06\/Cyprus-2022-Hillert-20220515_AH2_7853-1024x684.jpg\" alt=\"\" class=\"wp-image-1216\" srcset=\"https:\/\/www.hlas-pravoslavi.cz\/wp-content\/uploads\/2022\/06\/Cyprus-2022-Hillert-20220515_AH2_7853-1024x684.jpg 1024w, https:\/\/www.hlas-pravoslavi.cz\/wp-content\/uploads\/2022\/06\/Cyprus-2022-Hillert-20220515_AH2_7853-300x200.jpg 300w, https:\/\/www.hlas-pravoslavi.cz\/wp-content\/uploads\/2022\/06\/Cyprus-2022-Hillert-20220515_AH2_7853-768x513.jpg 768w, https:\/\/www.hlas-pravoslavi.cz\/wp-content\/uploads\/2022\/06\/Cyprus-2022-Hillert-20220515_AH2_7853-1536x1025.jpg 1536w, https:\/\/www.hlas-pravoslavi.cz\/wp-content\/uploads\/2022\/06\/Cyprus-2022-Hillert-20220515_AH2_7853.jpg 1772w\" sizes=\"auto, (max-width: 1024px) 100vw, 1024px\" \/><\/a><\/figure>\n\n\n\n<figure class=\"wp-block-image size-large\"><a href=\"https:\/\/www.hlas-pravoslavi.cz\/wp-content\/uploads\/2022\/06\/Cyprus-2022-Hillert-20220512_AH2_6902.jpg\" data-lbwps-width=\"1772\" data-lbwps-height=\"1183\" data-lbwps-srcsmall=\"http:\/\/www.hlas-pravoslavi.cz\/wp-content\/uploads\/2022\/06\/Cyprus-2022-Hillert-20220512_AH2_6902-300x200.jpg\"><img loading=\"lazy\" decoding=\"async\" width=\"1024\" height=\"684\" data-id=\"1217\" src=\"https:\/\/www.hlas-pravoslavi.cz\/wp-content\/uploads\/2022\/06\/Cyprus-2022-Hillert-20220512_AH2_6902-1024x684.jpg\" alt=\"\" class=\"wp-image-1217\" srcset=\"https:\/\/www.hlas-pravoslavi.cz\/wp-content\/uploads\/2022\/06\/Cyprus-2022-Hillert-20220512_AH2_6902-1024x684.jpg 1024w, https:\/\/www.hlas-pravoslavi.cz\/wp-content\/uploads\/2022\/06\/Cyprus-2022-Hillert-20220512_AH2_6902-300x200.jpg 300w, https:\/\/www.hlas-pravoslavi.cz\/wp-content\/uploads\/2022\/06\/Cyprus-2022-Hillert-20220512_AH2_6902-768x513.jpg 768w, https:\/\/www.hlas-pravoslavi.cz\/wp-content\/uploads\/2022\/06\/Cyprus-2022-Hillert-20220512_AH2_6902-1536x1025.jpg 1536w, https:\/\/www.hlas-pravoslavi.cz\/wp-content\/uploads\/2022\/06\/Cyprus-2022-Hillert-20220512_AH2_6902.jpg 1772w\" sizes=\"auto, (max-width: 1024px) 100vw, 1024px\" \/><\/a><\/figure>\n<\/figure>\n","protected":false},"excerpt":{"rendered":"<p>Paralimni, Kypr, 10.\u201315. kv\u011btna 2022 Ve dnech 10.\u201315. kv\u011btna 2022 na Kypru prob\u00edhalo mezipravoslavn\u00e9 setk\u00e1n\u00ed v&nbsp;r\u00e1mci p\u0159\u00edpravy na nadch\u00e1zej\u00edc\u00ed shrom\u00e1\u017ed\u011bn\u00ed Sv\u011btov\u00e9 rady c\u00edrkv\u00ed (WCC), kter\u00e9&hellip;<\/p>\n","protected":false},"author":1,"featured_media":1218,"comment_status":"closed","ping_status":"open","sticky":false,"template":"","format":"standard","meta":{"footnotes":""},"categories":[13],"tags":[60],"class_list":["post-1196","post","type-post","status-publish","format-standard","has-post-thumbnail","hentry","category-cirkev-a-spolecnost","tag-2022-05","has-post-thumbnail-archive"],"_links":{"self":[{"href":"https:\/\/www.hlas-pravoslavi.cz\/index.php\/wp-json\/wp\/v2\/posts\/1196","targetHints":{"allow":["GET"]}}],"collection":[{"href":"https:\/\/www.hlas-pravoslavi.cz\/index.php\/wp-json\/wp\/v2\/posts"}],"about":[{"href":"https:\/\/www.hlas-pravoslavi.cz\/index.php\/wp-json\/wp\/v2\/types\/post"}],"author":[{"embeddable":true,"href":"https:\/\/www.hlas-pravoslavi.cz\/index.php\/wp-json\/wp\/v2\/users\/1"}],"replies":[{"embeddable":true,"href":"https:\/\/www.hlas-pravoslavi.cz\/index.php\/wp-json\/wp\/v2\/comments?post=1196"}],"version-history":[{"count":1,"href":"https:\/\/www.hlas-pravoslavi.cz\/index.php\/wp-json\/wp\/v2\/posts\/1196\/revisions"}],"predecessor-version":[{"id":1219,"href":"https:\/\/www.hlas-pravoslavi.cz\/index.php\/wp-json\/wp\/v2\/posts\/1196\/revisions\/1219"}],"wp:featuredmedia":[{"embeddable":true,"href":"https:\/\/www.hlas-pravoslavi.cz\/index.php\/wp-json\/wp\/v2\/media\/1218"}],"wp:attachment":[{"href":"https:\/\/www.hlas-pravoslavi.cz\/index.php\/wp-json\/wp\/v2\/media?parent=1196"}],"wp:term":[{"taxonomy":"category","embeddable":true,"href":"https:\/\/www.hlas-pravoslavi.cz\/index.php\/wp-json\/wp\/v2\/categories?post=1196"},{"taxonomy":"post_tag","embeddable":true,"href":"https:\/\/www.hlas-pravoslavi.cz\/index.php\/wp-json\/wp\/v2\/tags?post=1196"}],"curies":[{"name":"wp","href":"https:\/\/api.w.org\/{rel}","templated":true}]}}