{"id":1143,"date":"2022-04-25T09:42:46","date_gmt":"2022-04-25T08:42:46","guid":{"rendered":"https:\/\/www.hlas-pravoslavi.cz\/?p=1143"},"modified":"2022-05-25T09:46:47","modified_gmt":"2022-05-25T08:46:47","slug":"poselstvi-posvatneho-synodu","status":"publish","type":"post","link":"https:\/\/www.hlas-pravoslavi.cz\/index.php\/2022\/04\/25\/poselstvi-posvatneho-synodu\/","title":{"rendered":"<strong>POSELSTV\u00cd POSV\u00c1TN\u00c9HO SYNODU<\/strong>"},"content":{"rendered":"\n<p><strong>PRAVOSLAVN\u00c9 C\u00cdRKVE V&nbsp;\u010cESK\u00ddCH ZEM\u00cdCH A NA SLOVENSKU<\/strong><\/p>\n\n\n\n<p><strong>PASCHA KRISTOVA 2022<\/strong><\/p>\n\n\n\n<p>Bohem milovan\u00fd k\u0159es\u0165ansk\u00fd lide, duchovn\u00ed otcov\u00e9, brat\u0159i a sestry,<\/p>\n\n\n\n<p>VSTAL Z&nbsp;MRTV\u00ddCH KRISTUS!<\/p>\n\n\n\n<p>Op\u011bt nade\u0161el \u010das p\u0159iv\u00edtat sv\u00e1tek sv\u00e1tk\u016f \u2013 den Kristova Zmrtv\u00fdchvst\u00e1n\u00ed, v n\u011bm\u017e n\u00e1m Spasitel daroval drahocenn\u00fd poklad sv\u00e9 milosti \u2013 u\u010dinil n\u00e1s \u00fa\u010dastn\u00edky svat\u00e9 Eucharistie, jej\u00edm\u017e prost\u0159ednictv\u00edm m\u016f\u017eeme opravdov\u011b pro\u017e\u00edt pasch\u00e1ln\u00ed radost.<\/p>\n\n\n\n<p>Kdy\u017e B\u016fh stvo\u0159il \u010dlov\u011bka, nab\u00eddl mu \u017eivot \u2013 sv\u016fj, v\u011b\u010dn\u00fd, Bo\u017esk\u00fd \u017eivot. \u010clov\u011bk v\u0161ak zapochyboval, zneu\u017eil svou svobodu a pokusil se Boha oklamat. Zabil t\u00edm nejen sebe, ale i cel\u00e9 \u201e<strong>stvo\u0159en\u00ed vydal marnosti<\/strong>\u201c. Od t\u00e9 doby ono spolu s n\u00edm st\u00e9nalo a \u201e<strong>trp\u011blo porodn\u00ed bolest\u00ed<\/strong>\u201c v nad\u011bji, \u017ee \u201e<strong>bude vysvobozeno z otroctv\u00ed z\u00e1niku\u201c a op\u011bt \u201euvedeno do sl\u00e1vy d\u011bt\u00ed Bo\u017e\u00edch<\/strong>\u201c (\u0158\u00edm 8:20-22).<\/p>\n\n\n\n<p>Kdy\u017e \u201e<strong>se naplnil stanoven\u00fd \u010das<\/strong>\u201c (Gal 4:4) a B\u016fh poslal na sv\u011bt sv\u00e9ho jednorozen\u00e9ho Syna, \u010dlov\u011bk se op\u011bt \u201evyznamenal\u201c \u2013 odsoudil k smrti a p\u0159ibil na k\u0159\u00ed\u017e samotn\u00e9ho sv\u00e9ho Spasitele. Ale pr\u00e1v\u011b smrt Bo\u017e\u00edho Syna na k\u0159\u00ed\u017ei se stala definitivn\u00edm v\u00edt\u011bzstv\u00edm Bo\u017e\u00ed l\u00e1sky nad zlobou a smrtelnost\u00ed \u010dlov\u011bka a jeho Vzk\u0159\u00ed\u0161en\u00ed op\u011bt darovalo lidem v\u011b\u010dn\u00fd \u017eivot. V jedn\u00e9 ze stichir sobotn\u00ed ve\u010dern\u00ed se \u0159\u00edk\u00e1: \u201e<strong>Kriste, a\u010dkoli t\u011b zajali lid\u00e9 nepravosti, ale ty jsi m\u016fj B\u016fh a j\u00e1 se nestyd\u00edm: bili t\u011b po z\u00e1dech, nepop\u00edr\u00e1m to: byl jsi uk\u0159i\u017eov\u00e1n a j\u00e1 to netaj\u00edm: chlub\u00edm se tv\u00fdm Zmrtv\u00fdchvst\u00e1n\u00edm, tv\u00e1 smrt mi p\u0159inesla \u017eivot: v\u0161emohouc\u00ed a lidumiln\u00fd Pane, sl\u00e1va Tob\u011b.<\/strong>\u201c<\/p>\n\n\n\n<p>Kristovo Zmrtv\u00fdchvst\u00e1n\u00ed p\u0159esm\u011brovalo chod d\u011bjin lidstva od zk\u00e1zy a z\u00e1niku k v\u0161eobecn\u00e9mu vzk\u0159\u00ed\u0161en\u00ed. Dalo nov\u00fd smysl cel\u00e9mu stvo\u0159en\u00ed. V\u0161echno, co bylo stvo\u0159eno, bylo Vzk\u0159\u00ed\u0161en\u00edm Krista nasm\u011brov\u00e1no do \u201e<strong>nov\u00e9ho nebe a nov\u00e9 zem\u011b<\/strong>\u201c, v nich\u017e \u201e<strong>smrti ji\u017e nebude<\/strong>\u201c (Zjev 21:1, 4).<\/p>\n\n\n\n<p>Na tomto sv\u011bt\u011b se \u010dastokr\u00e1t setk\u00e1v\u00e1me s projevy fyzick\u00e9 a duchovn\u00ed smrti. Mnoha zp\u016fsoby se m\u016f\u017eeme p\u0159esv\u011bd\u010dit o pravdivosti slov apo\u0161tola Jana: \u201e<strong>cel\u00fd sv\u011bt je pod moc\u00ed Zl\u00e9ho<\/strong>\u201c (1. Jan 5:19). Dokazuje to nejen minulost lidstva, ale i dny, co pro\u017e\u00edv\u00e1me, poznamenan\u00e9 v\u00e1le\u010dn\u00fdm ni\u010den\u00edm, \u0161\u00ed\u0159en\u00edm l\u017e\u00ed, nesmysln\u00fdm n\u00e1sil\u00edm a utrpen\u00edm velk\u00e9ho mno\u017estv\u00ed lid\u00ed. Pro mnoh\u00e9 z n\u00e1s jedinou \u00fat\u011bchou a jistotou v t\u00e9to dob\u011b z\u016fstala Kristova slova: \u201e<strong>Ve sv\u011bt\u011b m\u00e1te sou\u017een\u00ed. Ale vzchopte se, j\u00e1 jsem p\u0159emohl sv\u011bt!<\/strong>\u201c (Jan 16:33) V nad\u011bji na tento Bo\u017e\u00ed p\u0159\u00edslib prosme ve sv\u00fdch modlitb\u00e1ch za zastaven\u00ed v\u0161ech v\u00e1lek a duchovn\u00ed pos\u00edlen\u00ed t\u011bch, kte\u0159\u00ed kv\u016fli nim trp\u00ed. Podle sv\u00fdch mo\u017enost\u00ed a schopnost\u00ed sta\u0148me se pro trp\u00edc\u00ed \u201eprodlou\u017eenou rukou\u201c Krista \u2013 toho, kter\u00fd ut\u011b\u0161uje a povzbuzuje, p\u0159in\u00e1\u0161\u00ed nad\u011bji a dod\u00e1v\u00e1 s\u00edlu, chr\u00e1n\u00ed a syt\u00ed \u010dlov\u011bka.<\/p>\n\n\n\n<p>Sv\u011bt, ve kter\u00e9m \u017eijeme, je rozd\u011blen na bloky a aliance. Politick\u00e9 strany se ustavi\u010dn\u011b seskupuj\u00ed a p\u0159eskupuj\u00ed, vytv\u00e1\u0159ej\u00ed rozmanit\u00e9 koalice a opozice. \u010castokr\u00e1t se i od n\u00e1s, k\u0159es\u0165an\u016f, o\u010dek\u00e1v\u00e1, \u017ee se budeme chovat podobn\u00fdm zp\u016fsobem. Mnoz\u00ed usiluj\u00ed i do c\u00edrkevn\u00edho prost\u0159ed\u00ed a slovn\u00edku vn\u00e9st politick\u00e9 term\u00edny a spory, nacionalismus, nesn\u00e1\u0161enlivost, agresivitu a ostatn\u00ed spole\u010densk\u00e9 neduhy. Nev\u011bd\u00ed, \u017ee p\u0159i nejr\u016fzn\u011bj\u0161\u00edch sporech a konfliktech tohoto sv\u011bta si my, k\u0159es\u0165an\u00e9, v\u017edy vyb\u00edr\u00e1me z\u016fstat v\u011brni Kristovu p\u0159ik\u00e1z\u00e1n\u00ed \u2013 b\u00fdt s t\u011bmi, kte\u0159\u00ed trp\u00ed, s t\u011bmi, je\u017e sv\u011bt pova\u017euje za \u201e<strong>slab\u00e9 a bezv\u00fdznamn\u00e9, takov\u00e9, co za nic nestoj\u00ed<\/strong>\u201c, ale kter\u00e9 si B\u016fh vyvolil, aby zahanbil ty, kdo si o sob\u011b mysl\u00ed, \u017ee jsou \u201e<strong>moud\u0159\u00ed, mocn\u00ed a urozen\u00ed<\/strong>\u201c (1. Kor 1:27) tohoto sv\u011bta.<\/p>\n\n\n\n<p>Sna\u017eme se \u0161\u00ed\u0159it kolem sebe sv\u011btlo nad\u011bje, kterou p\u0159ineslo Kristovo Zmrtv\u00fdchvst\u00e1n\u00ed. Odhalme pro sebe i pro tento sv\u011bt, \u017ee pramen v\u011b\u010dn\u00e9ho \u017eivota, kter\u00fd vyv\u011br\u00e1 v&nbsp;Kristov\u011b c\u00edrkvi, je nevy\u010derpateln\u00fd. V\u017edy aktu\u00e1ln\u00ed jsou Kristova slova: \u201e<strong>Kdo j\u00ed m\u00e9 t\u011blo a pije mou krev, m\u00e1 \u017eivot v\u011b\u010dn\u00fd a j\u00e1 ho vzk\u0159\u00eds\u00edm v posledn\u00ed den<\/strong>\u201c (Jan 6:54). Vydejme sv\u00fdm \u017eivotem sv\u011bdectv\u00ed o tom, \u017ee jsme Bo\u017e\u00ed lid a pat\u0159\u00edme Kristovi. Vnesme do tohoto sv\u011bta, ob\u010das tak ztr\u00e1pen\u00e9ho a zoufal\u00e9ho, novou nad\u011bji, o kterou sv\u011bt tak snadno p\u0159ich\u00e1z\u00ed, a obnovme v sob\u011b l\u00e1sku, nebo\u0165 ta \u201e<strong>vychladne, kdy\u017e se rozm\u016f\u017ee nepravost<\/strong>\u201c (Mat. 24:12).<\/p>\n\n\n\n<p>Navzdory t\u011b\u017ek\u00fdm \u017eivotn\u00edm okolnostem, kter\u00e9 mnoz\u00ed z n\u00e1s pro\u017e\u00edvaj\u00ed \u2013 nebo pr\u00e1v\u011b kv\u016fli nim \u2013 najd\u011bme v sob\u011b s\u00edlu sv\u011b\u0159it sebe a cel\u00fd sv\u016fj \u017eivot Kristovi. Obra\u0165me se k n\u011bmu slovy modlitby sv. Ignatije: \u201e<strong>Pane, a\u0165 m\u00e9 o\u010di vid\u00ed, kde je pr\u00e1vo<\/strong> (\u017dalm 17:2), v\u017edy\u0165 j\u00e1 pat\u0159\u00edm tob\u011b. Cel\u00fd m\u016fj \u017eivot ba i moje smrt je ve tv\u00fdch rukou. Tvoje pravice se m\u011b sna\u017e\u00ed nasm\u011brovat na tvou cestu. Bez tv\u00e9 pomoci bych u\u017e d\u00e1vno beznad\u011bjn\u011b zabloudil, nen\u00e1vratn\u011b zahynul. Byl jsem tv\u016fj d\u0159\u00edve, ne\u017e jsem za\u010dal existovat. Dej, abych byl tv\u016fj b\u011bhem cel\u00e9ho sv\u00e9ho pozemsk\u00e9ho \u017eivota a z\u016fstal tv\u016fj nav\u011bky\u201c.<\/p>\n\n\n\n<p>Modleme se v\u0161ichni za to, aby nadch\u00e1zej\u00edc\u00ed sv\u00e1tky Kristova Zmrtv\u00fdchvst\u00e1n\u00ed pro\u017eil cel\u00fd sv\u011bt v m\u00edru a duchovn\u00ed radosti!<\/p>\n\n\n\n<p>\u2020 <strong>Rostislav<\/strong><\/p>\n\n\n\n<p>arcibiskup pre\u0161ovsk\u00fd<\/p>\n\n\n\n<p>metropolita \u010desk\u00fdch zem\u00ed a Slovenska<\/p>\n\n\n\n<p>\u2020 <strong>Michal<\/strong><\/p>\n\n\n\n<p>arcibiskup pra\u017esk\u00fd a \u010desk\u00fdch zem\u00ed<\/p>\n\n\n\n<p>\u2020 <strong>Juraj<\/strong><\/p>\n\n\n\n<p>&nbsp; arcibiskup michalovsko-ko\u0161ick\u00fd<\/p>\n\n\n\n<p>\u2020 <strong>Simeon<\/strong><\/p>\n\n\n\n<p>&nbsp;&nbsp;&nbsp; arcibiskup olomoucko-brn\u011bnsky<\/p>\n\n\n\n<p>\u2020 <strong>Izai\u00e1\u0161<\/strong><\/p>\n\n\n\n<p>&nbsp;&nbsp; biskup \u0161umpersk\u00fd<\/p>\n","protected":false},"excerpt":{"rendered":"<p>PRAVOSLAVN\u00c9 C\u00cdRKVE V&nbsp;\u010cESK\u00ddCH ZEM\u00cdCH A NA SLOVENSKU PASCHA KRISTOVA 2022 Bohem milovan\u00fd k\u0159es\u0165ansk\u00fd lide, duchovn\u00ed otcov\u00e9, brat\u0159i a sestry, VSTAL Z&nbsp;MRTV\u00ddCH KRISTUS! Op\u011bt nade\u0161el \u010das&hellip;<\/p>\n","protected":false},"author":1,"featured_media":0,"comment_status":"closed","ping_status":"open","sticky":false,"template":"","format":"standard","meta":{"footnotes":""},"categories":[1],"tags":[58],"class_list":["post-1143","post","type-post","status-publish","format-standard","hentry","category-uncategorized","tag-2022-04"],"_links":{"self":[{"href":"https:\/\/www.hlas-pravoslavi.cz\/index.php\/wp-json\/wp\/v2\/posts\/1143","targetHints":{"allow":["GET"]}}],"collection":[{"href":"https:\/\/www.hlas-pravoslavi.cz\/index.php\/wp-json\/wp\/v2\/posts"}],"about":[{"href":"https:\/\/www.hlas-pravoslavi.cz\/index.php\/wp-json\/wp\/v2\/types\/post"}],"author":[{"embeddable":true,"href":"https:\/\/www.hlas-pravoslavi.cz\/index.php\/wp-json\/wp\/v2\/users\/1"}],"replies":[{"embeddable":true,"href":"https:\/\/www.hlas-pravoslavi.cz\/index.php\/wp-json\/wp\/v2\/comments?post=1143"}],"version-history":[{"count":1,"href":"https:\/\/www.hlas-pravoslavi.cz\/index.php\/wp-json\/wp\/v2\/posts\/1143\/revisions"}],"predecessor-version":[{"id":1144,"href":"https:\/\/www.hlas-pravoslavi.cz\/index.php\/wp-json\/wp\/v2\/posts\/1143\/revisions\/1144"}],"wp:attachment":[{"href":"https:\/\/www.hlas-pravoslavi.cz\/index.php\/wp-json\/wp\/v2\/media?parent=1143"}],"wp:term":[{"taxonomy":"category","embeddable":true,"href":"https:\/\/www.hlas-pravoslavi.cz\/index.php\/wp-json\/wp\/v2\/categories?post=1143"},{"taxonomy":"post_tag","embeddable":true,"href":"https:\/\/www.hlas-pravoslavi.cz\/index.php\/wp-json\/wp\/v2\/tags?post=1143"}],"curies":[{"name":"wp","href":"https:\/\/api.w.org\/{rel}","templated":true}]}}