{"id":1110,"date":"2022-03-23T13:41:34","date_gmt":"2022-03-23T12:41:34","guid":{"rendered":"https:\/\/www.hlas-pravoslavi.cz\/?p=1110"},"modified":"2022-05-23T13:50:17","modified_gmt":"2022-05-23T12:50:17","slug":"poznavaci-test-ikonografie-spasitele","status":"publish","type":"post","link":"https:\/\/www.hlas-pravoslavi.cz\/index.php\/2022\/03\/23\/poznavaci-test-ikonografie-spasitele\/","title":{"rendered":"Pozn\u00e1vac\u00ed test: Ikonografie Spasitele"},"content":{"rendered":"\n<div class=\"wp-block-media-text alignwide is-stacked-on-mobile\" style=\"grid-template-columns:29% auto\"><figure class=\"wp-block-media-text__media\"><img loading=\"lazy\" decoding=\"async\" width=\"796\" height=\"1024\" src=\"https:\/\/www.hlas-pravoslavi.cz\/wp-content\/uploads\/2022\/05\/1.jpg\" alt=\"\" class=\"wp-image-1111 size-full\" srcset=\"https:\/\/www.hlas-pravoslavi.cz\/wp-content\/uploads\/2022\/05\/1.jpg 796w, https:\/\/www.hlas-pravoslavi.cz\/wp-content\/uploads\/2022\/05\/1-233x300.jpg 233w, https:\/\/www.hlas-pravoslavi.cz\/wp-content\/uploads\/2022\/05\/1-768x988.jpg 768w\" sizes=\"auto, (max-width: 796px) 100vw, 796px\" \/><\/figure><div class=\"wp-block-media-text__content\">\n<p><strong>1. Ud\u00e1lost zobrazenou na t\u00e9to ikon\u011b popisuj\u00ed v\u0161ichni evangelist\u00e9 krom\u011b Jana Teologa.<\/strong><\/p>\n\n\n\n<p>a) Nanebevstoupen\u00ed P\u00e1n\u011b<\/p>\n\n\n\n<p>b) Prom\u011bn\u011bn\u00ed P\u00e1n\u011b<\/p>\n\n\n\n<p>c) Zesnut\u00ed p\u0159esvat\u00e9 Bohorodice<\/p>\n\n\n\n<p>d) Vzk\u0159\u00ed\u0161en\u00ed Kristovo<\/p>\n<\/div><\/div>\n\n\n\n<hr class=\"wp-block-separator\"\/>\n\n\n\n<div class=\"wp-block-media-text alignwide has-media-on-the-right is-stacked-on-mobile\" style=\"grid-template-columns:auto 32%\"><figure class=\"wp-block-media-text__media\"><img loading=\"lazy\" decoding=\"async\" width=\"806\" height=\"1024\" src=\"https:\/\/www.hlas-pravoslavi.cz\/wp-content\/uploads\/2022\/05\/2.jpg\" alt=\"\" class=\"wp-image-1112 size-full\" srcset=\"https:\/\/www.hlas-pravoslavi.cz\/wp-content\/uploads\/2022\/05\/2.jpg 806w, https:\/\/www.hlas-pravoslavi.cz\/wp-content\/uploads\/2022\/05\/2-236x300.jpg 236w, https:\/\/www.hlas-pravoslavi.cz\/wp-content\/uploads\/2022\/05\/2-768x976.jpg 768w\" sizes=\"auto, (max-width: 806px) 100vw, 806px\" \/><\/figure><div class=\"wp-block-media-text__content\">\n<p><strong>2. Tato ud\u00e1lost se popisuje pouze v&nbsp;Janov\u011b evangeliu. Jak se naz\u00fdv\u00e1 j\u00ed v\u011bnovan\u00e1 ikona?<\/strong><\/p>\n\n\n\n<p>a) Narozen\u00ed Kristovo<\/p>\n\n\n\n<p>b) Uzdraven\u00ed slepce<\/p>\n\n\n\n<p>c) Um\u00fdv\u00e1n\u00ed nohou u\u010dedn\u00edk\u016fm<\/p>\n\n\n\n<p>d) Vstup do Jeruzal\u00e9ma<\/p>\n<\/div><\/div>\n\n\n\n<hr class=\"wp-block-separator\"\/>\n\n\n\n<div class=\"wp-block-media-text alignwide is-stacked-on-mobile\" style=\"grid-template-columns:33% auto\"><figure class=\"wp-block-media-text__media\"><img loading=\"lazy\" decoding=\"async\" width=\"856\" height=\"1024\" src=\"https:\/\/www.hlas-pravoslavi.cz\/wp-content\/uploads\/2022\/05\/3.jpg\" alt=\"\" class=\"wp-image-1113 size-full\" srcset=\"https:\/\/www.hlas-pravoslavi.cz\/wp-content\/uploads\/2022\/05\/3.jpg 856w, https:\/\/www.hlas-pravoslavi.cz\/wp-content\/uploads\/2022\/05\/3-251x300.jpg 251w, https:\/\/www.hlas-pravoslavi.cz\/wp-content\/uploads\/2022\/05\/3-768x919.jpg 768w\" sizes=\"auto, (max-width: 856px) 100vw, 856px\" \/><\/figure><div class=\"wp-block-media-text__content\">\n<p><strong>3. Na t\u00e9to m\u00e1lo zn\u00e1m\u00e9 ikon\u011b Kristus dr\u017e\u00ed v&nbsp;ruce plodov\u00fd obal. Jak\u00fd n\u00e1zev m\u00e1 ikona?<\/strong><\/p>\n\n\n\n<p>a) Pantokrator<\/p>\n\n\n\n<p>b) Stvo\u0159en\u00ed sv\u011bta<\/p>\n\n\n\n<p>c) Kr\u00e1l nebesk\u00fd<\/p>\n\n\n\n<p>d) Tv\u016frce \u017eivota<\/p>\n<\/div><\/div>\n\n\n\n<hr class=\"wp-block-separator\"\/>\n\n\n\n<div class=\"wp-block-media-text alignwide has-media-on-the-right is-stacked-on-mobile\" style=\"grid-template-columns:auto 32%\"><figure class=\"wp-block-media-text__media\"><img loading=\"lazy\" decoding=\"async\" width=\"806\" height=\"1024\" src=\"https:\/\/www.hlas-pravoslavi.cz\/wp-content\/uploads\/2022\/05\/4.jpg\" alt=\"\" class=\"wp-image-1114 size-full\" srcset=\"https:\/\/www.hlas-pravoslavi.cz\/wp-content\/uploads\/2022\/05\/4.jpg 806w, https:\/\/www.hlas-pravoslavi.cz\/wp-content\/uploads\/2022\/05\/4-236x300.jpg 236w, https:\/\/www.hlas-pravoslavi.cz\/wp-content\/uploads\/2022\/05\/4-768x976.jpg 768w\" sizes=\"auto, (max-width: 806px) 100vw, 806px\" \/><\/figure><div class=\"wp-block-media-text__content\">\n<p><strong>4. Evangelista Luk\u00e1\u0161 popisuje staroz\u00e1konn\u00ed ob\u0159ad, jen\u017e musel podstoupit Je\u017e\u00ed\u0161 Kristus v&nbsp;osm\u00fd den po sv\u00e9m narozen\u00ed.<\/strong><\/p>\n\n\n\n<p>a) Ob\u0159ez\u00e1n\u00ed<\/p>\n\n\n\n<p>b) K\u0159est<\/p>\n\n\n\n<p>c) Umyt\u00ed<\/p>\n\n\n\n<p>d) P\u0159inesen\u00ed ob\u011bti<\/p>\n<\/div><\/div>\n\n\n\n<hr class=\"wp-block-separator\"\/>\n\n\n\n<div class=\"wp-block-media-text alignwide is-stacked-on-mobile\" style=\"grid-template-columns:27% auto\"><figure class=\"wp-block-media-text__media\"><img loading=\"lazy\" decoding=\"async\" width=\"726\" height=\"1024\" src=\"https:\/\/www.hlas-pravoslavi.cz\/wp-content\/uploads\/2022\/05\/5.jpg\" alt=\"\" class=\"wp-image-1115 size-full\" srcset=\"https:\/\/www.hlas-pravoslavi.cz\/wp-content\/uploads\/2022\/05\/5.jpg 726w, https:\/\/www.hlas-pravoslavi.cz\/wp-content\/uploads\/2022\/05\/5-213x300.jpg 213w\" sizes=\"auto, (max-width: 726px) 100vw, 726px\" \/><\/figure><div class=\"wp-block-media-text__content\">\n<p><strong>5. Na t\u00e9to ikon\u011b se zobrazuje uzdraven\u00ed P\u00e1nem Je\u017e\u00ed\u0161em\u2026<\/strong><\/p>\n\n\n\n<p>a) hluchon\u011bm\u00e9ho<\/p>\n\n\n\n<p>b) malomocn\u00e9ho<\/p>\n\n\n\n<p>c) nemocn\u00e9ho u Ov\u010d\u00edho rybn\u00edku<\/p>\n\n\n\n<p>d) ochrnut\u00e9ho<\/p>\n<\/div><\/div>\n\n\n\n<hr class=\"wp-block-separator\"\/>\n\n\n\n<div class=\"wp-block-media-text alignwide has-media-on-the-right is-stacked-on-mobile\" style=\"grid-template-columns:auto 26%\"><figure class=\"wp-block-media-text__media\"><img loading=\"lazy\" decoding=\"async\" width=\"772\" height=\"1024\" src=\"https:\/\/www.hlas-pravoslavi.cz\/wp-content\/uploads\/2022\/05\/6.jpg\" alt=\"\" class=\"wp-image-1116 size-full\" srcset=\"https:\/\/www.hlas-pravoslavi.cz\/wp-content\/uploads\/2022\/05\/6.jpg 772w, https:\/\/www.hlas-pravoslavi.cz\/wp-content\/uploads\/2022\/05\/6-226x300.jpg 226w, https:\/\/www.hlas-pravoslavi.cz\/wp-content\/uploads\/2022\/05\/6-768x1019.jpg 768w\" sizes=\"auto, (max-width: 772px) 100vw, 772px\" \/><\/figure><div class=\"wp-block-media-text__content\">\n<p><strong>6. Ikona zobrazuje narozen\u00ed\u2026<\/strong><\/p>\n\n\n\n<p>a) Krista<\/p>\n\n\n\n<p>b) Bohorodice<\/p>\n\n\n\n<p>c) Jana P\u0159edch\u016fdce<\/p>\n\n\n\n<p>d) Moj\u017e\u00ed\u0161e<\/p>\n<\/div><\/div>\n\n\n\n<hr class=\"wp-block-separator\"\/>\n\n\n\n<div class=\"wp-block-media-text alignwide is-stacked-on-mobile\" style=\"grid-template-columns:30% auto\"><figure class=\"wp-block-media-text__media\"><img loading=\"lazy\" decoding=\"async\" width=\"844\" height=\"1024\" src=\"https:\/\/www.hlas-pravoslavi.cz\/wp-content\/uploads\/2022\/05\/7.jpg\" alt=\"\" class=\"wp-image-1117 size-full\" srcset=\"https:\/\/www.hlas-pravoslavi.cz\/wp-content\/uploads\/2022\/05\/7.jpg 844w, https:\/\/www.hlas-pravoslavi.cz\/wp-content\/uploads\/2022\/05\/7-247x300.jpg 247w, https:\/\/www.hlas-pravoslavi.cz\/wp-content\/uploads\/2022\/05\/7-768x932.jpg 768w\" sizes=\"auto, (max-width: 844px) 100vw, 844px\" \/><\/figure><div class=\"wp-block-media-text__content\">\n<p><strong>7. Tato ikona je v\u011bnov\u00e1na ud\u00e1losti popsan\u00e9 evangelistou Markem v&nbsp;10. kapitole jeho evangelia.<\/strong><\/p>\n\n\n\n<p>a) Setk\u00e1n\u00ed P\u00e1n\u011b se Simeonem<\/p>\n\n\n\n<p>b) Povol\u00e1n\u00ed apo\u0161tol\u016f<\/p>\n\n\n\n<p>c) Svatbu v&nbsp;K\u00e1n\u011b Galilejsk\u00e9<\/p>\n\n\n\n<p>d) \u017dehn\u00e1n\u00ed d\u011btem<\/p>\n<\/div><\/div>\n\n\n\n<hr class=\"wp-block-separator\"\/>\n\n\n\n<div class=\"wp-block-media-text alignwide has-media-on-the-right is-stacked-on-mobile\" style=\"grid-template-columns:auto 31%\"><figure class=\"wp-block-media-text__media\"><img loading=\"lazy\" decoding=\"async\" width=\"744\" height=\"1024\" src=\"https:\/\/www.hlas-pravoslavi.cz\/wp-content\/uploads\/2022\/05\/8.jpg\" alt=\"\" class=\"wp-image-1118 size-full\" srcset=\"https:\/\/www.hlas-pravoslavi.cz\/wp-content\/uploads\/2022\/05\/8.jpg 744w, https:\/\/www.hlas-pravoslavi.cz\/wp-content\/uploads\/2022\/05\/8-218x300.jpg 218w\" sizes=\"auto, (max-width: 744px) 100vw, 744px\" \/><\/figure><div class=\"wp-block-media-text__content\">\n<p><strong>8. Jak se naz\u00fdv\u00e1 ikona zobrazuj\u00edc\u00ed ud\u00e1lost popsanou evangelistou Luk\u00e1\u0161em, kde jeden z&nbsp;jej\u00edch \u00fa\u010dastn\u00edk\u016f pron\u00e1\u0161\u00ed slova zn\u00e1m\u00e9ho k\u0159es\u0165ansk\u00e9ho chvalozp\u011bvu \u201eNyn\u00ed propou\u0161t\u00ed\u0161 slu\u017eebn\u00edka sv\u00e9ho\u2026\u201c?<\/strong><\/p>\n\n\n\n<p>a) Setk\u00e1n\u00ed P\u00e1n\u011b se Simeonem<\/p>\n\n\n\n<p>b) P\u0159\u00edchod mudrc\u016f<\/p>\n\n\n\n<p>c) Zv\u011bstov\u00e1n\u00ed past\u00fd\u0159\u016fm<\/p>\n\n\n\n<p>d) Zv\u011bstov\u00e1n\u00ed p\u0159esvat\u00e9 Bohorodici<\/p>\n<\/div><\/div>\n\n\n\n<hr class=\"wp-block-separator\"\/>\n\n\n\n<div class=\"wp-block-media-text alignwide is-stacked-on-mobile\" style=\"grid-template-columns:30% auto\"><figure class=\"wp-block-media-text__media\"><img loading=\"lazy\" decoding=\"async\" width=\"775\" height=\"1024\" src=\"https:\/\/www.hlas-pravoslavi.cz\/wp-content\/uploads\/2022\/05\/9.jpg\" alt=\"\" class=\"wp-image-1119 size-full\" srcset=\"https:\/\/www.hlas-pravoslavi.cz\/wp-content\/uploads\/2022\/05\/9.jpg 775w, https:\/\/www.hlas-pravoslavi.cz\/wp-content\/uploads\/2022\/05\/9-227x300.jpg 227w, https:\/\/www.hlas-pravoslavi.cz\/wp-content\/uploads\/2022\/05\/9-768x1015.jpg 768w\" sizes=\"auto, (max-width: 775px) 100vw, 775px\" \/><\/figure><div class=\"wp-block-media-text__content\">\n<p><strong>9. Na t\u00e9to ikon\u011b se zobrazuje ud\u00e1lost, b\u011bhem kter\u00e9 Syn Bo\u017e\u00ed ustavil nejd\u016fle\u017eit\u011bj\u0161\u00ed c\u00edrkevn\u00ed sv\u00e1tost.<\/strong><\/p>\n\n\n\n<p>a) Posledn\u00ed soud<\/p>\n\n\n\n<p>b) Posledn\u00ed ve\u010de\u0159e<\/p>\n\n\n\n<p>c) Um\u00fdv\u00e1n\u00ed nohou<\/p>\n\n\n\n<p>d) Vjezd do Jeruzal\u00e9ma<\/p>\n<\/div><\/div>\n\n\n\n<hr class=\"wp-block-separator\"\/>\n\n\n\n<div class=\"wp-block-media-text alignwide has-media-on-the-right is-stacked-on-mobile\" style=\"grid-template-columns:auto 44%\"><figure class=\"wp-block-media-text__media\"><img loading=\"lazy\" decoding=\"async\" width=\"1000\" height=\"742\" src=\"https:\/\/www.hlas-pravoslavi.cz\/wp-content\/uploads\/2022\/05\/10.jpg\" alt=\"\" class=\"wp-image-1120 size-full\" srcset=\"https:\/\/www.hlas-pravoslavi.cz\/wp-content\/uploads\/2022\/05\/10.jpg 1000w, https:\/\/www.hlas-pravoslavi.cz\/wp-content\/uploads\/2022\/05\/10-300x223.jpg 300w, https:\/\/www.hlas-pravoslavi.cz\/wp-content\/uploads\/2022\/05\/10-768x570.jpg 768w\" sizes=\"auto, (max-width: 1000px) 100vw, 1000px\" \/><\/figure><div class=\"wp-block-media-text__content\">\n<p><strong>10. Jak\u00e9 z&nbsp;Je\u017e\u00ed\u0161ov\u00fdch podobenstv\u00ed je zobrazeno na t\u00e9to ikon\u011b?<\/strong><\/p>\n\n\n\n<p>a) O 10 pann\u00e1ch<\/p>\n\n\n\n<p>b) O kozlech a ovc\u00edch<\/p>\n\n\n\n<p>c) O marnotratn\u00e9m synovi<\/p>\n\n\n\n<p>d) O d\u011bln\u00edc\u00edch na vinici<\/p>\n<\/div><\/div>\n\n\n\n<hr class=\"wp-block-separator\"\/>\n\n\n\n<div class=\"wp-block-media-text alignwide is-stacked-on-mobile\" style=\"grid-template-columns:22% auto\"><figure class=\"wp-block-media-text__media\"><img loading=\"lazy\" decoding=\"async\" width=\"608\" height=\"1024\" src=\"https:\/\/www.hlas-pravoslavi.cz\/wp-content\/uploads\/2022\/05\/11.jpg\" alt=\"\" class=\"wp-image-1121 size-full\" srcset=\"https:\/\/www.hlas-pravoslavi.cz\/wp-content\/uploads\/2022\/05\/11.jpg 608w, https:\/\/www.hlas-pravoslavi.cz\/wp-content\/uploads\/2022\/05\/11-178x300.jpg 178w\" sizes=\"auto, (max-width: 608px) 100vw, 608px\" \/><\/figure><div class=\"wp-block-media-text__content\">\n<p><strong>11. Jak se naz\u00fdv\u00e1 tato byzantsk\u00e1 ikona z 9. stolet\u00ed, jej\u00ed\u017e n\u00e1zev je odvozen od ztracen\u00e9ho drahocenn\u00e9ho pokladu?<\/strong><\/p>\n\n\n\n<p>a) Dobr\u00fd past\u00fd\u0159<\/p>\n\n\n\n<p>b) Spas zlat\u00e1 riza<\/p>\n\n\n\n<p>c) Spas Emanuel<\/p>\n\n\n\n<p>d) Spas zlat\u00e9 vlasy<\/p>\n<\/div><\/div>\n\n\n\n<hr class=\"wp-block-separator\"\/>\n\n\n\n<div class=\"wp-block-media-text alignwide has-media-on-the-right is-stacked-on-mobile\" style=\"grid-template-columns:auto 30%\"><figure class=\"wp-block-media-text__media\"><img loading=\"lazy\" decoding=\"async\" width=\"785\" height=\"1024\" src=\"https:\/\/www.hlas-pravoslavi.cz\/wp-content\/uploads\/2022\/05\/12.jpg\" alt=\"\" class=\"wp-image-1122 size-full\" srcset=\"https:\/\/www.hlas-pravoslavi.cz\/wp-content\/uploads\/2022\/05\/12.jpg 785w, https:\/\/www.hlas-pravoslavi.cz\/wp-content\/uploads\/2022\/05\/12-230x300.jpg 230w, https:\/\/www.hlas-pravoslavi.cz\/wp-content\/uploads\/2022\/05\/12-768x1002.jpg 768w\" sizes=\"auto, (max-width: 785px) 100vw, 785px\" \/><\/figure><div class=\"wp-block-media-text__content\">\n<p><strong>12. Jak\u00e1 ud\u00e1lost posledn\u00edch dn\u016f Je\u017e\u00ed\u0161ova pozemsk\u00e9ho \u017eivota je zobrazen\u00e1 na ikon\u011b?<\/strong><\/p>\n\n\n\n<p>a) Kristus v\u011bzn\u011bn\u00fd<\/p>\n\n\n\n<p>b) Modlitba v Getsemane<\/p>\n\n\n\n<p>c) Proklet\u00ed f\u00edkovn\u00edku<\/p>\n\n\n\n<p>d) Jid\u00e1\u0161ovo pol\u00edben\u00ed&nbsp;<\/p>\n<\/div><\/div>\n\n\n\n<hr class=\"wp-block-separator\"\/>\n\n\n\n<div class=\"wp-block-media-text alignwide is-stacked-on-mobile\" style=\"grid-template-columns:29% auto\"><figure class=\"wp-block-media-text__media\"><img loading=\"lazy\" decoding=\"async\" width=\"728\" height=\"1024\" src=\"https:\/\/www.hlas-pravoslavi.cz\/wp-content\/uploads\/2022\/05\/13.jpg\" alt=\"\" class=\"wp-image-1123 size-full\" srcset=\"https:\/\/www.hlas-pravoslavi.cz\/wp-content\/uploads\/2022\/05\/13.jpg 728w, https:\/\/www.hlas-pravoslavi.cz\/wp-content\/uploads\/2022\/05\/13-213x300.jpg 213w\" sizes=\"auto, (max-width: 728px) 100vw, 728px\" \/><\/figure><div class=\"wp-block-media-text__content\">\n<p><strong>13. Do 16. stolet\u00ed takov\u00e9 ikony byly jedin\u00fdm kanonick\u00fdm zobrazen\u00edm Kristova vzk\u0159\u00ed\u0161en\u00ed.<\/strong><\/p>\n\n\n\n<p>a) Sestoupen\u00ed do pekla<\/p>\n\n\n\n<p>b) Chvalte Hospodina z&nbsp;nebes<\/p>\n\n\n\n<p>c) Uk\u0159i\u017eov\u00e1n\u00ed<\/p>\n\n\n\n<p>d) Poh\u0159b\u00edv\u00e1n\u00ed P\u00e1n\u011b<\/p>\n<\/div><\/div>\n\n\n\n<hr class=\"wp-block-separator\"\/>\n\n\n\n<div class=\"wp-block-media-text alignwide has-media-on-the-right is-stacked-on-mobile\" style=\"grid-template-columns:auto 26%\"><figure class=\"wp-block-media-text__media\"><img loading=\"lazy\" decoding=\"async\" width=\"669\" height=\"1024\" src=\"https:\/\/www.hlas-pravoslavi.cz\/wp-content\/uploads\/2022\/05\/14.jpg\" alt=\"\" class=\"wp-image-1124 size-full\" srcset=\"https:\/\/www.hlas-pravoslavi.cz\/wp-content\/uploads\/2022\/05\/14.jpg 669w, https:\/\/www.hlas-pravoslavi.cz\/wp-content\/uploads\/2022\/05\/14-196x300.jpg 196w\" sizes=\"auto, (max-width: 669px) 100vw, 669px\" \/><\/figure><div class=\"wp-block-media-text__content\">\n<p><strong>14. Pokyny pro psan\u00ed t\u00e9to sy\u017eetov\u00e9 ikony napsal athosk\u00fd mnich Dionysios z&nbsp;Fourny. Jak se ikona naz\u00fdv\u00e1?<\/strong><\/p>\n\n\n\n<p>a) Spas p\u016flno\u010dn\u00ed<\/p>\n\n\n\n<p>b) Modlitba o kalichu<\/p>\n\n\n\n<p>c) Spas blah\u00e9 ml\u010den\u00ed<\/p>\n\n\n\n<p>d) Dobr\u00fd past\u00fd\u0159<\/p>\n<\/div><\/div>\n\n\n\n<hr class=\"wp-block-separator\"\/>\n\n\n\n<div class=\"wp-block-media-text alignwide is-stacked-on-mobile\" style=\"grid-template-columns:30% auto\"><figure class=\"wp-block-media-text__media\"><img loading=\"lazy\" decoding=\"async\" width=\"785\" height=\"1024\" src=\"https:\/\/www.hlas-pravoslavi.cz\/wp-content\/uploads\/2022\/05\/15.jpg\" alt=\"\" class=\"wp-image-1125 size-full\" srcset=\"https:\/\/www.hlas-pravoslavi.cz\/wp-content\/uploads\/2022\/05\/15.jpg 785w, https:\/\/www.hlas-pravoslavi.cz\/wp-content\/uploads\/2022\/05\/15-230x300.jpg 230w, https:\/\/www.hlas-pravoslavi.cz\/wp-content\/uploads\/2022\/05\/15-768x1002.jpg 768w\" sizes=\"auto, (max-width: 785px) 100vw, 785px\" \/><\/figure><div class=\"wp-block-media-text__content\">\n<p><strong>15. Ikona je sou\u010d\u00e1st\u00ed tzv. Pa\u0161ijov\u00e9ho cyklu. Jak\u00e1 ud\u00e1lost je tady zobrazena?<\/strong><\/p>\n\n\n\n<p>a) Modlitba v&nbsp;Getsemane<\/p>\n\n\n\n<p>b) Veden\u00ed ke k\u0159\u00ed\u017ei<\/p>\n\n\n\n<p>c) Sn\u011bt\u00ed z&nbsp;k\u0159\u00ed\u017ee<\/p>\n\n\n\n<p>d) Uk\u0159i\u017eov\u00e1n\u00ed<\/p>\n<\/div><\/div>\n\n\n\n<hr class=\"wp-block-separator\"\/>\n\n\n\n<div class=\"wp-block-media-text alignwide has-media-on-the-right is-stacked-on-mobile\" style=\"grid-template-columns:auto 30%\"><figure class=\"wp-block-media-text__media\"><img loading=\"lazy\" decoding=\"async\" width=\"720\" height=\"1024\" src=\"https:\/\/www.hlas-pravoslavi.cz\/wp-content\/uploads\/2022\/05\/16.jpg\" alt=\"\" class=\"wp-image-1126 size-full\" srcset=\"https:\/\/www.hlas-pravoslavi.cz\/wp-content\/uploads\/2022\/05\/16.jpg 720w, https:\/\/www.hlas-pravoslavi.cz\/wp-content\/uploads\/2022\/05\/16-211x300.jpg 211w\" sizes=\"auto, (max-width: 720px) 100vw, 720px\" \/><\/figure><div class=\"wp-block-media-text__content\">\n<p><strong>16. Na t\u00e9to ikon\u011b vid\u00edme hned n\u011bkolik novoz\u00e1konn\u00edch postav: Bohorodici, Jana Teologa, Josefa z&nbsp;Arimatie, Nikod\u00e9ma, \u017een myronosic. Jak\u00fd n\u00e1zev m\u00e1 ikona?<\/strong><\/p>\n\n\n\n<p>a) Sn\u00edm\u00e1n\u00ed z&nbsp;k\u0159\u00ed\u017ee<\/p>\n\n\n\n<p>b) Spas p\u016flno\u010dn\u00ed<\/p>\n\n\n\n<p>c) Zesnut\u00ed p\u0159esvat\u00e9 Bohorodice<\/p>\n\n\n\n<p>d) Polo\u017een\u00ed do hrobu<\/p>\n<\/div><\/div>\n\n\n\n<hr class=\"wp-block-separator\"\/>\n\n\n\n<div class=\"wp-block-media-text alignwide is-stacked-on-mobile\"><figure class=\"wp-block-media-text__media\"><img loading=\"lazy\" decoding=\"async\" width=\"1000\" height=\"996\" src=\"https:\/\/www.hlas-pravoslavi.cz\/wp-content\/uploads\/2022\/05\/17.jpg\" alt=\"\" class=\"wp-image-1127 size-full\" srcset=\"https:\/\/www.hlas-pravoslavi.cz\/wp-content\/uploads\/2022\/05\/17.jpg 1000w, https:\/\/www.hlas-pravoslavi.cz\/wp-content\/uploads\/2022\/05\/17-300x300.jpg 300w, https:\/\/www.hlas-pravoslavi.cz\/wp-content\/uploads\/2022\/05\/17-150x150.jpg 150w, https:\/\/www.hlas-pravoslavi.cz\/wp-content\/uploads\/2022\/05\/17-768x765.jpg 768w\" sizes=\"auto, (max-width: 1000px) 100vw, 1000px\" \/><\/figure><div class=\"wp-block-media-text__content\">\n<p><strong>17. Na t\u00e9to ikon\u011b n\u011bkdy b\u00fdv\u00e1 naps\u00e1n cit\u00e1t z&nbsp;knihy proroka Izaj\u00e1\u0161e: \u201eNastavuji z\u00e1da t\u011bm, kte\u0159\u00ed m\u011b bij\u00ed, a sv\u00e9 l\u00edce t\u011bm, kdo rvou m\u00e9 vousy, neukr\u00fdv\u00e1m svou tv\u00e1\u0159 p\u0159ed potupami a popliv\u00e1n\u00edm\u201c. Jakou ud\u00e1lost ze \u017eivota P\u00e1na Je\u017e\u00ed\u0161e zobrazuje tato ikona?<\/strong><\/p>\n\n\n\n<p>a) Spasitel p\u0159ed Pil\u00e1tem&nbsp;<\/p>\n\n\n\n<p>b) Posledn\u00ed soud<\/p>\n\n\n\n<p>c) Bi\u010dov\u00e1n\u00ed P\u00e1na Je\u017e\u00ed\u0161e<\/p>\n\n\n\n<p>d) V\u00fdsm\u011bch voj\u00e1k\u016f<\/p>\n<\/div><\/div>\n\n\n\n<hr class=\"wp-block-separator\"\/>\n\n\n\n<div class=\"wp-block-media-text alignwide has-media-on-the-right is-stacked-on-mobile\" style=\"grid-template-columns:auto 36%\"><figure class=\"wp-block-media-text__media\"><img loading=\"lazy\" decoding=\"async\" width=\"828\" height=\"1024\" src=\"https:\/\/www.hlas-pravoslavi.cz\/wp-content\/uploads\/2022\/05\/18.jpg\" alt=\"\" class=\"wp-image-1128 size-full\" srcset=\"https:\/\/www.hlas-pravoslavi.cz\/wp-content\/uploads\/2022\/05\/18.jpg 828w, https:\/\/www.hlas-pravoslavi.cz\/wp-content\/uploads\/2022\/05\/18-243x300.jpg 243w, https:\/\/www.hlas-pravoslavi.cz\/wp-content\/uploads\/2022\/05\/18-768x950.jpg 768w\" sizes=\"auto, (max-width: 828px) 100vw, 828px\" \/><\/figure><div class=\"wp-block-media-text__content\">\n<p><strong>18. Tato velice vz\u00e1cn\u00e1 ikona je ilustrac\u00ed k&nbsp;\u017ealmu. Jej\u00ed n\u00e1zev je spojen s v\u011btou tohoto \u017ealmu.<\/strong><\/p>\n\n\n\n<p>a) Slavnostn\u00ed \u0159e\u010d mi ze srdce trysk\u00e1\u2026<\/p>\n\n\n\n<p>b) Smiluj se nade mnou, Bo\u017ee, pro milosrdenstv\u00ed svoje\u2026<\/p>\n\n\n\n<p>c) Hospodin je sv\u011btlo m\u00e9 a moje sp\u00e1sa, koho bych se b\u00e1l?&#8230;<\/p>\n\n\n\n<p>d) Kdo v \u00fakrytu Nejvy\u0161\u0161\u00edho bydl\u00ed\u2026<\/p>\n<\/div><\/div>\n\n\n\n<hr class=\"wp-block-separator\"\/>\n\n\n\n<p><strong>Odpov\u011bdi<\/strong>: 1. \u2013 b, 2. \u2013 c, 3. \u2013 d, 4. \u2013 a, 5. \u2013 c, 6. \u2013 a, 7. \u2013 d, 8. \u2013 a, 9. \u2013 b, 10. \u2013 c, 11. \u2013 b, 12. \u2013 d, 13. \u2013 a, 14. \u2013 b, 15. \u2013 b, 16. \u2013 d, 17. \u2013 c, 18. \u2013 a.<\/p>\n","protected":false},"excerpt":{"rendered":"<p>1. Ud\u00e1lost zobrazenou na t\u00e9to ikon\u011b popisuj\u00ed v\u0161ichni evangelist\u00e9 krom\u011b Jana Teologa. a) Nanebevstoupen\u00ed P\u00e1n\u011b b) Prom\u011bn\u011bn\u00ed P\u00e1n\u011b c) Zesnut\u00ed p\u0159esvat\u00e9 Bohorodice d) Vzk\u0159\u00ed\u0161en\u00ed Kristovo&hellip;<\/p>\n","protected":false},"author":1,"featured_media":1129,"comment_status":"closed","ping_status":"open","sticky":false,"template":"","format":"standard","meta":{"footnotes":""},"categories":[42],"tags":[53],"class_list":["post-1110","post","type-post","status-publish","format-standard","has-post-thumbnail","hentry","category-poznavaci-testy","tag-2022-03","has-post-thumbnail-archive"],"_links":{"self":[{"href":"https:\/\/www.hlas-pravoslavi.cz\/index.php\/wp-json\/wp\/v2\/posts\/1110","targetHints":{"allow":["GET"]}}],"collection":[{"href":"https:\/\/www.hlas-pravoslavi.cz\/index.php\/wp-json\/wp\/v2\/posts"}],"about":[{"href":"https:\/\/www.hlas-pravoslavi.cz\/index.php\/wp-json\/wp\/v2\/types\/post"}],"author":[{"embeddable":true,"href":"https:\/\/www.hlas-pravoslavi.cz\/index.php\/wp-json\/wp\/v2\/users\/1"}],"replies":[{"embeddable":true,"href":"https:\/\/www.hlas-pravoslavi.cz\/index.php\/wp-json\/wp\/v2\/comments?post=1110"}],"version-history":[{"count":5,"href":"https:\/\/www.hlas-pravoslavi.cz\/index.php\/wp-json\/wp\/v2\/posts\/1110\/revisions"}],"predecessor-version":[{"id":1138,"href":"https:\/\/www.hlas-pravoslavi.cz\/index.php\/wp-json\/wp\/v2\/posts\/1110\/revisions\/1138"}],"wp:featuredmedia":[{"embeddable":true,"href":"https:\/\/www.hlas-pravoslavi.cz\/index.php\/wp-json\/wp\/v2\/media\/1129"}],"wp:attachment":[{"href":"https:\/\/www.hlas-pravoslavi.cz\/index.php\/wp-json\/wp\/v2\/media?parent=1110"}],"wp:term":[{"taxonomy":"category","embeddable":true,"href":"https:\/\/www.hlas-pravoslavi.cz\/index.php\/wp-json\/wp\/v2\/categories?post=1110"},{"taxonomy":"post_tag","embeddable":true,"href":"https:\/\/www.hlas-pravoslavi.cz\/index.php\/wp-json\/wp\/v2\/tags?post=1110"}],"curies":[{"name":"wp","href":"https:\/\/api.w.org\/{rel}","templated":true}]}}