{"id":1098,"date":"2022-03-23T13:13:02","date_gmt":"2022-03-23T12:13:02","guid":{"rendered":"https:\/\/www.hlas-pravoslavi.cz\/?p=1098"},"modified":"2022-05-23T13:13:13","modified_gmt":"2022-05-23T12:13:13","slug":"recka-pravoslavna-cirkevni-obec-v-praze","status":"publish","type":"post","link":"https:\/\/www.hlas-pravoslavi.cz\/index.php\/2022\/03\/23\/recka-pravoslavna-cirkevni-obec-v-praze\/","title":{"rendered":"\u0158eck\u00e1 pravoslavn\u00e1 c\u00edrkevn\u00ed obec v Praze"},"content":{"rendered":"\n<p>V&nbsp;Praze a\u017e do podzimu 2017 neexistovala samostatn\u00e1 \u0159eck\u00e1 pravoslavn\u00e1 obec. V&nbsp;posledn\u00edch letech jsme my, \u0159e\u010dt\u00ed v\u011b\u0159\u00edc\u00ed, m\u011bli mo\u017enost slou\u017eit o sobot\u00e1ch bo\u017eskou liturgii v&nbsp;\u0159eck\u00e9m jazyce s&nbsp;otcem V\u00e1clavem Je\u017ekem v&nbsp;chr\u00e1mu sv. Cyrila a Metod\u011bje v&nbsp;Resslov\u011b ulici v Praze 2, av\u0161ak v&nbsp;srdci jsme tou\u017eili po zalo\u017een\u00ed sv\u00e9 vlastn\u00ed \u0159eck\u00e9 obce a po nalezen\u00ed past\u00fd\u0159e a zpov\u011bdn\u00edka, kter\u00fd by se n\u00e1s ujal. A samoz\u0159ejm\u011b tak\u00e9 po kostele, v n\u011bm\u017e bychom mohli slou\u017eit v&nbsp;\u0159e\u010dtin\u011b jak ned\u011bln\u00ed bo\u017eskou liturgii, tak i dal\u0161\u00ed bohoslu\u017eby, zejm\u00e9na v\u00e1no\u010dn\u00ed, bohoslu\u017eby Velk\u00e9ho t\u00fddne, Vzk\u0159\u00ed\u0161en\u00ed a jin\u00e9.<\/p>\n\n\n\n<p>Dobrotiv\u00fd B\u016fh, kter\u00fd dob\u0159e zn\u00e1 srdce lid\u00ed a sly\u0161\u00ed jejich modlitby, n\u00e1m po\u017eehnal a v listopadu roku 2017 arcibiskup pra\u017esk\u00fd a \u010desk\u00fdch zem\u00ed Michal vysv\u011btil otce Kyrilla Sarkissiana a ustanovil jej pov\u011b\u0159en\u00fdm kn\u011bzem pro \u0158eky v&nbsp;Praze. Otec Kyrill Sarkissian je rusko-arm\u00e9nsk\u00e9ho p\u016fvodu, studoval teologii v&nbsp;Ath\u00e9n\u00e1ch, ovl\u00e1d\u00e1 v\u00fdborn\u011b \u0159eck\u00fd jazyk a je duchovn\u00edm, kter\u00fd je pro na\u0161e v\u011b\u0159\u00edc\u00ed velkou oporou a z\u00e1\u0161titou.<\/p>\n\n\n\n<p>Brzy nato za\u010dalo prob\u00edhat v&nbsp;chr\u00e1mu sv. Cyrila a Metod\u011bje ka\u017edou sobotu po liturgii i n\u00e1bo\u017eenstv\u00ed pro d\u011bti v&nbsp;\u0159e\u010dtin\u011b, a krom\u011b liturgie jsme zde slou\u017eili tak\u00e9 dal\u0161\u00ed bohoslu\u017eby, jako ve\u010dern\u00ed \u010di akathist k&nbsp;Bohorodi\u010dce, ud\u011blovala se tajina svat\u00e9ho k\u0159tu a konala se tajina zpov\u011bdi. Krom\u011b toho jsme organizovali i bes\u00eddky pro d\u011bti nav\u0161t\u011bvuj\u00edc\u00ed n\u00e1bo\u017eenstv\u00ed, o V\u00e1noc\u00edch i ve dnech v\u00fdznamn\u00fdch \u0159eck\u00fdch st\u00e1tn\u00edch sv\u00e1tk\u016f, tedy 28. \u0159\u00edjna a 25. b\u0159ezna.&nbsp;<\/p>\n\n\n\n<p>24. \u00fanora 2018 byla zvolena prvn\u00ed c\u00edrkevn\u00ed (sedmi\u010dlenn\u00e1) rada, kter\u00e9 p\u0159edsedal otec Kyrill. \u010clenov\u00e9 rady byli \u0159\u00e1dn\u011b zvoleni ve volb\u00e1ch, v&nbsp;nich\u017e jim sv\u016fj hlas ud\u011blili v\u011b\u0159\u00edc\u00ed z&nbsp;\u0159ad pravideln\u00fdch \u00fa\u010dastn\u00edk\u016f sobotn\u00edch \u0159eck\u00fdch liturgi\u00ed. Spole\u010dn\u011b jsme n\u00e1sledn\u011b za\u010dali pracovat na hled\u00e1n\u00ed prostoru, kter\u00fd by se stal na\u0161\u00edm svat\u00fdm chr\u00e1mem.<\/p>\n\n\n\n<p>B\u016fh rychle vysly\u0161el na\u0161e modlitby a po\u017eehnal na\u0161emu \u00fasil\u00ed. Brzy jsme z\u00edskali sv\u016fj chr\u00e1m v Mal\u00e9 Chuchli, v&nbsp;ulici V&nbsp;L\u00e1zn\u00edch 15. Kostel je zasv\u011bcen Narozen\u00ed p\u0159esvat\u00e9 Bohorodi\u010dky a 8. z\u00e1\u0159\u00ed roku 2019 jsme zde slou\u017eili v&nbsp;den chr\u00e1mov\u00e9ho sv\u00e1tku prvn\u00ed bo\u017eskou liturgii. V&nbsp;na\u0161em chr\u00e1mu se nyn\u00ed ka\u017edou sobotu kon\u00e1 ve\u010dern\u00ed bohoslu\u017eba a tajina zpov\u011bdi, ka\u017edou ned\u011bli r\u00e1no slou\u017e\u00edme jit\u0159n\u00ed bohoslu\u017ebu a bo\u017eskou liturgii. Kon\u00e1me tak\u00e9 bohoslu\u017eby o velk\u00fdch sv\u00e1tc\u00edch P\u00e1n\u011b a Bohorodi\u010dky i ve dnech sv\u00e1tk\u016f v\u00fdznamn\u00fdch svat\u00fdch, jako jsou sv. Spyridon, sv. Mikul\u00e1\u0161, sv. Basil, sv. Porfyrios a dal\u0161\u00ed, a tak\u00e9 celono\u010dn\u00ed bd\u011bn\u00ed. Vedle bohoslu\u017eeb v&nbsp;chr\u00e1mu prob\u00edh\u00e1 v\u00fduka n\u00e1bo\u017eenstv\u00ed a oslavy n\u00e1rodn\u00edch sv\u00e1tk\u016f.<\/p>\n\n\n\n<p>Bo\u017e\u00ed p\u0159\u00edze\u0148 pro na\u0161i obec ale t\u00edmto neskon\u010dila. S&nbsp;po\u017eehn\u00e1n\u00edm vladyky Michala se ujal veden\u00ed chr\u00e1mov\u00e9ho zp\u011bvu Marios Christou, hudebn\u00edk a b\u00fdval\u00fd sbormistr chr\u00e1mu sv. Cyrila a Metod\u011bje. D\u00edky sv\u00e9 zku\u0161enosti a hudebn\u00edmu talentu utvo\u0159il kolem sebe skupinu zp\u011bv\u00e1k\u016f a spole\u010dn\u011b sv\u00fdm zp\u011bvem vytv\u00e1\u0159ej\u00ed mystickou atmosf\u00e9ru b\u011bhem bohoslu\u017eeb. Zvl\u00e1\u0161tn\u00ed radost n\u00e1m poskytuje fakt, \u017ee zp\u00edvaj\u00ed tak\u00e9 brat\u0159i, kte\u0159\u00ed nejsou \u0158ekov\u00e9, ale jsou s&nbsp;n\u00e1mi, proto\u017ee miluj\u00ed byzantskou hudbu a \u0159eck\u00fd jazyk.<\/p>\n\n\n\n<p>Jak jsme zm\u00ednili v\u00fd\u0161e, od vzniku na\u0161\u00ed obce do dne\u0161ka funguje \u0161kola n\u00e1bo\u017eenstv\u00ed. Jako u\u010ditel\u00e9 p\u016fsob\u00ed Emmanouil Stivaktakis a Anastasios Vitsios. D\u011bti se zde u\u010d\u00ed o Kristu, Bohorodi\u010dce, svat\u00fdch a o tajin\u00e1ch na\u0161\u00ed c\u00edrkve a samoz\u0159ejm\u011b i o n\u011bkter\u00fdch d\u016fle\u017eit\u00fdch ud\u00e1lostech \u0159eck\u00fdch d\u011bjin, kter\u00e9 jsou spojeny s&nbsp;na\u0161\u00ed v\u00edrou, jako je \u0159eck\u00e1 revoluce r. 1821 \u010di boj \u0158ek\u016f proti fa\u0161ismu b\u011bhem 2. sv\u011btov\u00e9 v\u00e1lky. Od roku 2021 jsme za\u010dali tak\u00e9 s&nbsp;biblick\u00fdmi hodinami pro dosp\u011bl\u00e9, p\u0159i nich\u017e studujeme p\u0159edev\u0161\u00edm Nov\u00fd z\u00e1kon.<\/p>\n\n\n\n<p>V&nbsp;\u0159ad\u00e1ch na\u0161ich v\u011b\u0159\u00edc\u00edch nejsou jen \u0158ekov\u00e9. Chr\u00e1m spolu s&nbsp;n\u00e1mi nav\u0161t\u011bvuj\u00ed tak\u00e9 brat\u0159i a sestry z&nbsp;jin\u00fdch zem\u00ed, kte\u0159\u00ed se, a\u010dkoli nemluv\u00ed \u0159ecky, duchovn\u011b ob\u010derstvuj\u00ed p\u0159i bohoslu\u017eb\u011b v&nbsp;\u0159eck\u00e9m jazyce. Pro mnoh\u00e9 z&nbsp;nich je, stejn\u011b jako pro \u0158eky, duchovn\u00edm otcem o. Kyrill. V\u0161ichni se r\u00e1di spole\u010dn\u011b setk\u00e1v\u00e1me u k\u00e1vy po ned\u011bln\u00ed liturgii a velkou radost n\u00e1m ud\u011blalo rozhodnut\u00ed n\u011bkolika mlad\u00fdch v\u011b\u0159\u00edc\u00edch, kte\u0159\u00ed nejsou \u0159eck\u00e9 n\u00e1rodnosti, vy\u010distit a osadit zahradu v&nbsp;zadn\u00ed \u010d\u00e1sti na\u0161eho chr\u00e1mu \u2013 to v\u0161e z&nbsp;vlastn\u00edch zdroj\u016f. Pokud to po\u010das\u00ed dovol\u00ed, zejm\u00e9na tedy v&nbsp;letn\u00edch m\u011bs\u00edc\u00edch, po ned\u011bln\u00ed bohoslu\u017eb\u011b v\u0161ichni v\u011b\u0159\u00edc\u00ed spole\u010dn\u011b j\u00edme a pijeme v&nbsp;t\u00e9to kr\u00e1sn\u00e9 zahrad\u011b p\u0159inesen\u00e9 dobroty. Kristus spojuje cel\u00fd sv\u011bt ve sv\u00e9 l\u00e1sce.<\/p>\n\n\n\n<p>N\u00e1\u0161 chr\u00e1m v\u0161ak je\u0161t\u011b nen\u00ed zcela takov\u00fd, jak\u00fd bychom si jej v\u0161ichni p\u0159\u00e1li m\u00edt. V&nbsp;tuto chv\u00edli se p\u00ed\u0161\u00ed ikony pro ikonostas, kter\u00e9 o\u010dek\u00e1v\u00e1me v pr\u016fb\u011bhu&nbsp;leto\u0161n\u00edho roku. N\u00e1sledn\u011b za\u010dneme pomalu objedn\u00e1vat i dal\u0161\u00ed ikony pro zbytek chr\u00e1mu. Tak\u00e9 jsme z\u00edskali do p\u00e9\u010de drobnou stavbu vedle na\u0161eho chr\u00e1mu (objekt b\u00fdval\u00e9 m\u00e1rnice) a douf\u00e1me, \u017ee mal\u00fd domek brzy prom\u011bn\u00edme v&nbsp;kr\u00e1sn\u00fd prostor, kde budeme po bohoslu\u017eb\u011b p\u00edt k\u00e1vu a tak\u00e9 tu bude m\u00edsto pro ned\u011bln\u00ed \u0161kolu n\u00e1bo\u017eenstv\u00ed.<\/p>\n\n\n\n<p>Na internetu m\u00e1me facebookovou str\u00e1nku s&nbsp;n\u00e1zvem \u00ab\u0395\u03bb\u03bb\u03b7\u03bd\u03bf\u03c1\u03b8\u03cc\u03b4\u03bf\u03be\u03b7 \u03b5\u03bd\u03bf\u03c1\u03af\u03b1 \u03c4\u03b7\u03c2 \u03a0\u03c1\u03ac\u03b3\u03b1\u03c2\u00bb <a href=\"https:\/\/www.facebook.com\/greekorthodoxprague\">https:\/\/www.facebook.com\/greekorthodoxprague<\/a>, kde zve\u0159ej\u0148ujeme v\u0161echny novinky, akce a program bohoslu\u017eeb.<\/p>\n\n\n\n<p>V&nbsp;z\u00e1\u0159\u00ed 2021 byla zvolena nov\u00e1 dev\u00edti\u010dlenn\u00e1 c\u00edrkevn\u00ed rada pod p\u0159edsednictv\u00edm o. Kyrilla. S&nbsp;po\u017eehn\u00e1n\u00edm na\u0161eho p\u00e1na Je\u017e\u00ed\u0161e Krista a d\u00edky va\u0161im p\u0159\u00edmluv\u00e1m chceme pokra\u010dovat v&nbsp;t\u00e9to duchovn\u00ed snaze o \u0161\u00ed\u0159en\u00ed evangelia a o sp\u00e1su na\u0161ich du\u0161\u00ed. P\u0159ejeme v\u00e1m, a\u0165 v\u00e1s l\u00e1ska a milost na\u0161eho P\u00e1na v\u017edy obj\u00edm\u00e1. Amen!<\/p>\n\n\n\n<p>Anastasios Vitsios<\/p>\n\n\n\n<p>P\u0159elo\u017eila Anna Christou<\/p>\n\n\n\n<figure class=\"wp-block-gallery has-nested-images columns-default is-cropped wp-block-gallery-1 is-layout-flex wp-block-gallery-is-layout-flex\">\n<figure class=\"wp-block-image size-large\"><a href=\"https:\/\/www.hlas-pravoslavi.cz\/wp-content\/uploads\/2022\/05\/IMG-20220316-WA0002-1.jpg\" data-lbwps-width=\"1024\" data-lbwps-height=\"576\" data-lbwps-srcsmall=\"http:\/\/www.hlas-pravoslavi.cz\/wp-content\/uploads\/2022\/05\/IMG-20220316-WA0002-1-300x169.jpg\"><img loading=\"lazy\" decoding=\"async\" width=\"1024\" height=\"576\" data-id=\"1100\" src=\"https:\/\/www.hlas-pravoslavi.cz\/wp-content\/uploads\/2022\/05\/IMG-20220316-WA0002-1.jpg\" alt=\"\" class=\"wp-image-1100\" srcset=\"https:\/\/www.hlas-pravoslavi.cz\/wp-content\/uploads\/2022\/05\/IMG-20220316-WA0002-1.jpg 1024w, https:\/\/www.hlas-pravoslavi.cz\/wp-content\/uploads\/2022\/05\/IMG-20220316-WA0002-1-300x169.jpg 300w, https:\/\/www.hlas-pravoslavi.cz\/wp-content\/uploads\/2022\/05\/IMG-20220316-WA0002-1-768x432.jpg 768w\" sizes=\"auto, (max-width: 1024px) 100vw, 1024px\" \/><\/a><\/figure>\n\n\n\n<figure class=\"wp-block-image size-large\"><a href=\"https:\/\/www.hlas-pravoslavi.cz\/wp-content\/uploads\/2022\/05\/IMG-20220316-WA0006.jpg\" data-lbwps-width=\"1024\" data-lbwps-height=\"576\" data-lbwps-srcsmall=\"http:\/\/www.hlas-pravoslavi.cz\/wp-content\/uploads\/2022\/05\/IMG-20220316-WA0006-300x169.jpg\"><img loading=\"lazy\" decoding=\"async\" width=\"1024\" height=\"576\" data-id=\"1101\" src=\"https:\/\/www.hlas-pravoslavi.cz\/wp-content\/uploads\/2022\/05\/IMG-20220316-WA0006.jpg\" alt=\"\" class=\"wp-image-1101\" srcset=\"https:\/\/www.hlas-pravoslavi.cz\/wp-content\/uploads\/2022\/05\/IMG-20220316-WA0006.jpg 1024w, https:\/\/www.hlas-pravoslavi.cz\/wp-content\/uploads\/2022\/05\/IMG-20220316-WA0006-300x169.jpg 300w, https:\/\/www.hlas-pravoslavi.cz\/wp-content\/uploads\/2022\/05\/IMG-20220316-WA0006-768x432.jpg 768w\" sizes=\"auto, (max-width: 1024px) 100vw, 1024px\" \/><\/a><\/figure>\n\n\n\n<figure class=\"wp-block-image size-large\"><a href=\"https:\/\/www.hlas-pravoslavi.cz\/wp-content\/uploads\/2022\/05\/IMG-20220316-WA0018.jpg\" data-lbwps-width=\"1024\" data-lbwps-height=\"576\" data-lbwps-srcsmall=\"http:\/\/www.hlas-pravoslavi.cz\/wp-content\/uploads\/2022\/05\/IMG-20220316-WA0018-300x169.jpg\"><img loading=\"lazy\" decoding=\"async\" width=\"1024\" height=\"576\" data-id=\"1102\" src=\"https:\/\/www.hlas-pravoslavi.cz\/wp-content\/uploads\/2022\/05\/IMG-20220316-WA0018.jpg\" alt=\"\" class=\"wp-image-1102\" srcset=\"https:\/\/www.hlas-pravoslavi.cz\/wp-content\/uploads\/2022\/05\/IMG-20220316-WA0018.jpg 1024w, https:\/\/www.hlas-pravoslavi.cz\/wp-content\/uploads\/2022\/05\/IMG-20220316-WA0018-300x169.jpg 300w, https:\/\/www.hlas-pravoslavi.cz\/wp-content\/uploads\/2022\/05\/IMG-20220316-WA0018-768x432.jpg 768w\" sizes=\"auto, (max-width: 1024px) 100vw, 1024px\" \/><\/a><\/figure>\n\n\n\n<figure class=\"wp-block-image size-large\"><a href=\"https:\/\/www.hlas-pravoslavi.cz\/wp-content\/uploads\/2022\/05\/IMG-20220316-WA0001.jpg\" data-lbwps-width=\"576\" data-lbwps-height=\"1024\" data-lbwps-srcsmall=\"http:\/\/www.hlas-pravoslavi.cz\/wp-content\/uploads\/2022\/05\/IMG-20220316-WA0001-169x300.jpg\"><img loading=\"lazy\" decoding=\"async\" width=\"576\" height=\"1024\" data-id=\"1103\" src=\"https:\/\/www.hlas-pravoslavi.cz\/wp-content\/uploads\/2022\/05\/IMG-20220316-WA0001.jpg\" alt=\"\" class=\"wp-image-1103\" srcset=\"https:\/\/www.hlas-pravoslavi.cz\/wp-content\/uploads\/2022\/05\/IMG-20220316-WA0001.jpg 576w, https:\/\/www.hlas-pravoslavi.cz\/wp-content\/uploads\/2022\/05\/IMG-20220316-WA0001-169x300.jpg 169w\" sizes=\"auto, (max-width: 576px) 100vw, 576px\" \/><\/a><\/figure>\n\n\n\n<figure class=\"wp-block-image size-large\"><a href=\"https:\/\/www.hlas-pravoslavi.cz\/wp-content\/uploads\/2022\/05\/IMG-20220316-WA0014.jpg\" data-lbwps-width=\"576\" data-lbwps-height=\"1024\" data-lbwps-srcsmall=\"http:\/\/www.hlas-pravoslavi.cz\/wp-content\/uploads\/2022\/05\/IMG-20220316-WA0014-169x300.jpg\"><img loading=\"lazy\" decoding=\"async\" width=\"576\" height=\"1024\" data-id=\"1104\" src=\"https:\/\/www.hlas-pravoslavi.cz\/wp-content\/uploads\/2022\/05\/IMG-20220316-WA0014.jpg\" alt=\"\" class=\"wp-image-1104\" srcset=\"https:\/\/www.hlas-pravoslavi.cz\/wp-content\/uploads\/2022\/05\/IMG-20220316-WA0014.jpg 576w, https:\/\/www.hlas-pravoslavi.cz\/wp-content\/uploads\/2022\/05\/IMG-20220316-WA0014-169x300.jpg 169w\" sizes=\"auto, (max-width: 576px) 100vw, 576px\" \/><\/a><\/figure>\n\n\n\n<figure class=\"wp-block-image size-large\"><a href=\"https:\/\/www.hlas-pravoslavi.cz\/wp-content\/uploads\/2022\/05\/IMG-20220316-WA0012.jpg\" data-lbwps-width=\"769\" data-lbwps-height=\"1024\" data-lbwps-srcsmall=\"http:\/\/www.hlas-pravoslavi.cz\/wp-content\/uploads\/2022\/05\/IMG-20220316-WA0012-225x300.jpg\"><img loading=\"lazy\" decoding=\"async\" width=\"769\" height=\"1024\" data-id=\"1105\" src=\"https:\/\/www.hlas-pravoslavi.cz\/wp-content\/uploads\/2022\/05\/IMG-20220316-WA0012.jpg\" alt=\"\" class=\"wp-image-1105\" srcset=\"https:\/\/www.hlas-pravoslavi.cz\/wp-content\/uploads\/2022\/05\/IMG-20220316-WA0012.jpg 769w, https:\/\/www.hlas-pravoslavi.cz\/wp-content\/uploads\/2022\/05\/IMG-20220316-WA0012-225x300.jpg 225w\" sizes=\"auto, (max-width: 769px) 100vw, 769px\" \/><\/a><\/figure>\n\n\n\n<figure class=\"wp-block-image size-large\"><a href=\"https:\/\/www.hlas-pravoslavi.cz\/wp-content\/uploads\/2022\/05\/IMG-20220316-WA0009.jpg\" data-lbwps-width=\"1024\" data-lbwps-height=\"576\" data-lbwps-srcsmall=\"http:\/\/www.hlas-pravoslavi.cz\/wp-content\/uploads\/2022\/05\/IMG-20220316-WA0009-300x169.jpg\"><img loading=\"lazy\" decoding=\"async\" width=\"1024\" height=\"576\" data-id=\"1106\" src=\"https:\/\/www.hlas-pravoslavi.cz\/wp-content\/uploads\/2022\/05\/IMG-20220316-WA0009.jpg\" alt=\"\" class=\"wp-image-1106\" srcset=\"https:\/\/www.hlas-pravoslavi.cz\/wp-content\/uploads\/2022\/05\/IMG-20220316-WA0009.jpg 1024w, https:\/\/www.hlas-pravoslavi.cz\/wp-content\/uploads\/2022\/05\/IMG-20220316-WA0009-300x169.jpg 300w, https:\/\/www.hlas-pravoslavi.cz\/wp-content\/uploads\/2022\/05\/IMG-20220316-WA0009-768x432.jpg 768w\" sizes=\"auto, (max-width: 1024px) 100vw, 1024px\" \/><\/a><\/figure>\n\n\n\n<figure class=\"wp-block-image size-large\"><a href=\"https:\/\/www.hlas-pravoslavi.cz\/wp-content\/uploads\/2022\/05\/IMG-20220316-WA0011.jpg\" data-lbwps-width=\"1024\" data-lbwps-height=\"576\" data-lbwps-srcsmall=\"http:\/\/www.hlas-pravoslavi.cz\/wp-content\/uploads\/2022\/05\/IMG-20220316-WA0011-300x169.jpg\"><img loading=\"lazy\" decoding=\"async\" width=\"1024\" height=\"576\" data-id=\"1107\" src=\"https:\/\/www.hlas-pravoslavi.cz\/wp-content\/uploads\/2022\/05\/IMG-20220316-WA0011.jpg\" alt=\"\" class=\"wp-image-1107\" srcset=\"https:\/\/www.hlas-pravoslavi.cz\/wp-content\/uploads\/2022\/05\/IMG-20220316-WA0011.jpg 1024w, https:\/\/www.hlas-pravoslavi.cz\/wp-content\/uploads\/2022\/05\/IMG-20220316-WA0011-300x169.jpg 300w, https:\/\/www.hlas-pravoslavi.cz\/wp-content\/uploads\/2022\/05\/IMG-20220316-WA0011-768x432.jpg 768w\" sizes=\"auto, (max-width: 1024px) 100vw, 1024px\" \/><\/a><\/figure>\n\n\n\n<figure class=\"wp-block-image size-large\"><a href=\"https:\/\/www.hlas-pravoslavi.cz\/wp-content\/uploads\/2022\/05\/IMG-20220316-WA0019.jpg\" data-lbwps-width=\"1024\" data-lbwps-height=\"768\" data-lbwps-srcsmall=\"http:\/\/www.hlas-pravoslavi.cz\/wp-content\/uploads\/2022\/05\/IMG-20220316-WA0019-300x225.jpg\"><img loading=\"lazy\" decoding=\"async\" width=\"1024\" height=\"768\" data-id=\"1108\" src=\"https:\/\/www.hlas-pravoslavi.cz\/wp-content\/uploads\/2022\/05\/IMG-20220316-WA0019.jpg\" alt=\"\" class=\"wp-image-1108\" srcset=\"https:\/\/www.hlas-pravoslavi.cz\/wp-content\/uploads\/2022\/05\/IMG-20220316-WA0019.jpg 1024w, https:\/\/www.hlas-pravoslavi.cz\/wp-content\/uploads\/2022\/05\/IMG-20220316-WA0019-300x225.jpg 300w, https:\/\/www.hlas-pravoslavi.cz\/wp-content\/uploads\/2022\/05\/IMG-20220316-WA0019-768x576.jpg 768w\" sizes=\"auto, (max-width: 1024px) 100vw, 1024px\" \/><\/a><\/figure>\n<\/figure>\n","protected":false},"excerpt":{"rendered":"<p>V&nbsp;Praze a\u017e do podzimu 2017 neexistovala samostatn\u00e1 \u0159eck\u00e1 pravoslavn\u00e1 obec. V&nbsp;posledn\u00edch letech jsme my, \u0159e\u010dt\u00ed v\u011b\u0159\u00edc\u00ed, m\u011bli mo\u017enost slou\u017eit o sobot\u00e1ch bo\u017eskou liturgii v&nbsp;\u0159eck\u00e9m jazyce&hellip;<\/p>\n","protected":false},"author":1,"featured_media":1104,"comment_status":"closed","ping_status":"open","sticky":false,"template":"","format":"standard","meta":{"footnotes":""},"categories":[21],"tags":[53],"class_list":["post-1098","post","type-post","status-publish","format-standard","has-post-thumbnail","hentry","category-cirkevni-obce","tag-2022-03","has-post-thumbnail-archive"],"_links":{"self":[{"href":"https:\/\/www.hlas-pravoslavi.cz\/index.php\/wp-json\/wp\/v2\/posts\/1098","targetHints":{"allow":["GET"]}}],"collection":[{"href":"https:\/\/www.hlas-pravoslavi.cz\/index.php\/wp-json\/wp\/v2\/posts"}],"about":[{"href":"https:\/\/www.hlas-pravoslavi.cz\/index.php\/wp-json\/wp\/v2\/types\/post"}],"author":[{"embeddable":true,"href":"https:\/\/www.hlas-pravoslavi.cz\/index.php\/wp-json\/wp\/v2\/users\/1"}],"replies":[{"embeddable":true,"href":"https:\/\/www.hlas-pravoslavi.cz\/index.php\/wp-json\/wp\/v2\/comments?post=1098"}],"version-history":[{"count":1,"href":"https:\/\/www.hlas-pravoslavi.cz\/index.php\/wp-json\/wp\/v2\/posts\/1098\/revisions"}],"predecessor-version":[{"id":1109,"href":"https:\/\/www.hlas-pravoslavi.cz\/index.php\/wp-json\/wp\/v2\/posts\/1098\/revisions\/1109"}],"wp:featuredmedia":[{"embeddable":true,"href":"https:\/\/www.hlas-pravoslavi.cz\/index.php\/wp-json\/wp\/v2\/media\/1104"}],"wp:attachment":[{"href":"https:\/\/www.hlas-pravoslavi.cz\/index.php\/wp-json\/wp\/v2\/media?parent=1098"}],"wp:term":[{"taxonomy":"category","embeddable":true,"href":"https:\/\/www.hlas-pravoslavi.cz\/index.php\/wp-json\/wp\/v2\/categories?post=1098"},{"taxonomy":"post_tag","embeddable":true,"href":"https:\/\/www.hlas-pravoslavi.cz\/index.php\/wp-json\/wp\/v2\/tags?post=1098"}],"curies":[{"name":"wp","href":"https:\/\/api.w.org\/{rel}","templated":true}]}}