{"id":1079,"date":"2018-04-02T11:58:05","date_gmt":"2018-04-02T10:58:05","guid":{"rendered":"https:\/\/www.hlas-pravoslavi.cz\/?p=1079"},"modified":"2022-05-02T11:58:47","modified_gmt":"2022-05-02T10:58:47","slug":"test-o-passe","status":"publish","type":"post","link":"https:\/\/www.hlas-pravoslavi.cz\/index.php\/2018\/04\/02\/test-o-passe\/","title":{"rendered":"Test o Pas\u0161e"},"content":{"rendered":"\n<p><strong>1. Ud\u00e1lost\u00ed staroz\u00e1konn\u00edho sv\u00e1tku Pesach bylo<\/strong><\/p>\n\n\n\n<p>a) povol\u00e1n\u00ed Abrahama<\/p>\n\n\n\n<p>b) ukon\u010den\u00ed stavby Jeruzal\u00e9msk\u00e9ho chr\u00e1mu<\/p>\n\n\n\n<p>c) vyjit\u00ed \u017did\u016f z&nbsp;Egypta<\/p>\n\n\n\n<p>d) vysvobozen\u00ed z&nbsp;babylonsk\u00e9ho zajet\u00ed<\/p>\n\n\n\n<div style=\"height:30px\" aria-hidden=\"true\" class=\"wp-block-spacer\"><\/div>\n\n\n\n<p><strong>2. Komu se nejd\u0159\u00edv zjevil Spasitel po zmrtv\u00fdchvst\u00e1n\u00ed?<\/strong><\/p>\n\n\n\n<p>a) apo\u0161tolu Petrovi<\/p>\n\n\n\n<p>b) Marii Magdalen\u011b<\/p>\n\n\n\n<p>c) Janu Teologovi<\/p>\n\n\n\n<p>d) apo\u0161tolu Pavlovi<\/p>\n\n\n\n<div style=\"height:30px\" aria-hidden=\"true\" class=\"wp-block-spacer\"><\/div>\n\n\n\n<p><strong>3. Kr\u00e1tce p\u0159ed pasch\u00e1ln\u00ed p\u016flnoc\u00ed se v&nbsp;chr\u00e1mech kon\u00e1<\/strong><\/p>\n\n\n\n<p>a) p\u0159enesen\u00ed pl\u00e1\u0161t\u011bnice na prestol<\/p>\n\n\n\n<p>b) l\u00e1m\u00e1n\u00ed artosu<\/p>\n\n\n\n<p>c) ob\u0159ad myt\u00ed nohou<\/p>\n\n\n\n<p>d) slavnostn\u00ed hostina<\/p>\n\n\n\n<div style=\"height:30px\" aria-hidden=\"true\" class=\"wp-block-spacer\"><\/div>\n\n\n\n<p><strong>4. Co symbolizuje velikono\u010dn\u00ed k\u0159\u00ed\u017eov\u00fd pr\u016fvod?<\/strong><\/p>\n\n\n\n<p>a) cestu \u017een myronosic ke hrobu<\/p>\n\n\n\n<p>b) vyjit\u00ed \u017did\u016f z&nbsp;egyptsk\u00e9ho otroctv\u00ed<\/p>\n\n\n\n<p>c) vjezd P\u00e1na Je\u017e\u00ed\u0161e do Jeruzal\u00e9ma<\/p>\n\n\n\n<p>d) pr\u016fvod apo\u0161tol\u016f<\/p>\n\n\n\n<div style=\"height:30px\" aria-hidden=\"true\" class=\"wp-block-spacer\"><\/div>\n\n\n\n<p><strong>5. Nejd\u016fle\u017eit\u011bj\u0161\u00ed \u010dast\u00ed pasch\u00e1ln\u00ed bohoslu\u017eby je<\/strong><\/p>\n\n\n\n<p>a) \u010dten\u00ed Pou\u010dn\u00e9ho slova sv. Jana Zlato\u00fast\u00e9ho<\/p>\n\n\n\n<p>b) \u010dten\u00ed evangelia v&nbsp;r\u016fzn\u00fdch jazyc\u00edch<\/p>\n\n\n\n<p>c) zp\u00edv\u00e1n\u00ed k\u00e1nonu Paschy<\/p>\n\n\n\n<p>d) eucharistie<\/p>\n\n\n\n<div style=\"height:30px\" aria-hidden=\"true\" class=\"wp-block-spacer\"><\/div>\n\n\n\n<p><strong>6. Jak se naz\u00fdv\u00e1 den Paschy, kdy\u017e p\u0159ipad\u00e1 na sv\u00e1tek Zv\u011bstov\u00e1n\u00ed p\u0159esvat\u00e9 Bohorodice?<\/strong><\/p>\n\n\n\n<p>a) Antipascha<\/p>\n\n\n\n<p>b) Kyriopascha<\/p>\n\n\n\n<p>c) Pascha<\/p>\n\n\n\n<div style=\"height:30px\" aria-hidden=\"true\" class=\"wp-block-spacer\"><\/div>\n\n\n\n<p><strong>7. Blahodatn\u00fd ohe\u0148 sestupuje<\/strong><\/p>\n\n\n\n<p>a) na Velk\u00fd p\u00e1tek<\/p>\n\n\n\n<p>b) na Velkou sobotu<\/p>\n\n\n\n<p>c) v&nbsp;den Paschy<\/p>\n\n\n\n<div style=\"height:30px\" aria-hidden=\"true\" class=\"wp-block-spacer\"><\/div>\n\n\n\n<p><strong>8. Odkud v\u00edme o sestoupen\u00ed Spasitele do pekla?<\/strong><\/p>\n\n\n\n<p>a) z&nbsp;Matou\u0161ova evangelia<\/p>\n\n\n\n<p>b) z&nbsp;Janova zjeven\u00ed<\/p>\n\n\n\n<p>c) z&nbsp;apo\u0161tolsk\u00fdch list\u016f<\/p>\n\n\n\n<div style=\"height:30px\" aria-hidden=\"true\" class=\"wp-block-spacer\"><\/div>\n\n\n\n<p><strong>9. Z&nbsp;jak\u00e9ho evangelia se \u010dte na pasch\u00e1ln\u00ed liturgii?<\/strong><\/p>\n\n\n\n<p>a) Matou\u0161ova<\/p>\n\n\n\n<p>b) Markova<\/p>\n\n\n\n<p>c) Luk\u00e1\u0161ova<\/p>\n\n\n\n<p>d) Janova<\/p>\n\n\n\n<div style=\"height:30px\" aria-hidden=\"true\" class=\"wp-block-spacer\"><\/div>\n\n\n\n<p><strong>10. Jak dlouho se slav\u00ed Pascha?<\/strong><\/p>\n\n\n\n<p>a) 7 dn\u016f<\/p>\n\n\n\n<p>b) 14 dn\u016f<\/p>\n\n\n\n<p>c) 40 dn\u016f<\/p>\n\n\n\n<p>d) 50 dn\u016f<\/p>\n\n\n\n<div style=\"height:40px\" aria-hidden=\"true\" class=\"wp-block-spacer\"><\/div>\n\n\n\n<p>Spr\u00e1vn\u00e9 odpov\u011bdi: 1.c, 2.b, 3.a, 4.a, 5.d, 6.b, 7.b, 8.c, 9.d, 10.c<\/p>\n","protected":false},"excerpt":{"rendered":"<p>1. Ud\u00e1lost\u00ed staroz\u00e1konn\u00edho sv\u00e1tku Pesach bylo a) povol\u00e1n\u00ed Abrahama b) ukon\u010den\u00ed stavby Jeruzal\u00e9msk\u00e9ho chr\u00e1mu c) vyjit\u00ed \u017did\u016f z&nbsp;Egypta d) vysvobozen\u00ed z&nbsp;babylonsk\u00e9ho zajet\u00ed 2. Komu se&hellip;<\/p>\n","protected":false},"author":1,"featured_media":1080,"comment_status":"closed","ping_status":"open","sticky":false,"template":"","format":"standard","meta":{"footnotes":""},"categories":[42],"tags":[54],"class_list":["post-1079","post","type-post","status-publish","format-standard","has-post-thumbnail","hentry","category-poznavaci-testy","tag-2018-04","has-post-thumbnail-archive"],"_links":{"self":[{"href":"https:\/\/www.hlas-pravoslavi.cz\/index.php\/wp-json\/wp\/v2\/posts\/1079","targetHints":{"allow":["GET"]}}],"collection":[{"href":"https:\/\/www.hlas-pravoslavi.cz\/index.php\/wp-json\/wp\/v2\/posts"}],"about":[{"href":"https:\/\/www.hlas-pravoslavi.cz\/index.php\/wp-json\/wp\/v2\/types\/post"}],"author":[{"embeddable":true,"href":"https:\/\/www.hlas-pravoslavi.cz\/index.php\/wp-json\/wp\/v2\/users\/1"}],"replies":[{"embeddable":true,"href":"https:\/\/www.hlas-pravoslavi.cz\/index.php\/wp-json\/wp\/v2\/comments?post=1079"}],"version-history":[{"count":1,"href":"https:\/\/www.hlas-pravoslavi.cz\/index.php\/wp-json\/wp\/v2\/posts\/1079\/revisions"}],"predecessor-version":[{"id":1081,"href":"https:\/\/www.hlas-pravoslavi.cz\/index.php\/wp-json\/wp\/v2\/posts\/1079\/revisions\/1081"}],"wp:featuredmedia":[{"embeddable":true,"href":"https:\/\/www.hlas-pravoslavi.cz\/index.php\/wp-json\/wp\/v2\/media\/1080"}],"wp:attachment":[{"href":"https:\/\/www.hlas-pravoslavi.cz\/index.php\/wp-json\/wp\/v2\/media?parent=1079"}],"wp:term":[{"taxonomy":"category","embeddable":true,"href":"https:\/\/www.hlas-pravoslavi.cz\/index.php\/wp-json\/wp\/v2\/categories?post=1079"},{"taxonomy":"post_tag","embeddable":true,"href":"https:\/\/www.hlas-pravoslavi.cz\/index.php\/wp-json\/wp\/v2\/tags?post=1079"}],"curies":[{"name":"wp","href":"https:\/\/api.w.org\/{rel}","templated":true}]}}