{"id":1040,"date":"2022-03-11T12:21:14","date_gmt":"2022-03-11T11:21:14","guid":{"rendered":"https:\/\/www.hlas-pravoslavi.cz\/?p=1040"},"modified":"2022-04-11T12:21:24","modified_gmt":"2022-04-11T11:21:24","slug":"zajezd-do-polska","status":"publish","type":"post","link":"https:\/\/www.hlas-pravoslavi.cz\/index.php\/2022\/03\/11\/zajezd-do-polska\/","title":{"rendered":"Z\u00e1jezd do Polska"},"content":{"rendered":"\n<p>Ve dnech 3.\u20135. b\u0159ezna nav\u0161t\u00edvili s po\u017eehn\u00e1n\u00edm arcibiskupa pra\u017esk\u00e9ho a \u010desk\u00fdch zem\u00ed Michala d\u011bti a rodi\u010de na\u0161\u00ed ned\u011bln\u00ed \u0161koly Polsko. Byly jsme ubytov\u00e1ni v n\u00e1dhern\u00e9m pravoslavn\u00e9m mision\u00e1\u0159sk\u00e9m dom\u011b sv. \u0160tefana, bl\u00edzko m\u011bsta Jelen\u00ed Hora. &nbsp;<\/p>\n\n\n\n<p>Ve \u010dtvrtek ve\u010der n\u00e1s p\u0159iv\u00edtal spr\u00e1vce tohoto domu otec Mariusz (Marek) Ki\u015blak. V p\u00e1tek jsme nav\u0161t\u00edvili polskou \u010d\u00e1st n\u00e1rodn\u00edho parku Krkono\u0161 a z\u0159\u00edceninu hradu Chojnik. Doprov\u00e1zel n\u00e1s duchovn\u00ed pravoslavn\u00e9 obce Jelen\u00ed Hory otec Vasil. Ve\u010der jsme s n\u00edm m\u011bli dvouhodinov\u00e9 setk\u00e1n\u00ed, kde jsme si pov\u00eddali o \u017eivot\u011b pravoslavn\u00fdch ml\u00e1de\u017en\u00edk\u016f v dne\u0161n\u00ed spole\u010dnosti. V sobotu jsme spolu s duchovn\u00edmi Polsk\u00e9 pravoslavn\u00e9 c\u00edrkve slou\u017eili svatou liturgii a pot\u00e9 n\u00e1sledovala proch\u00e1zka m\u011bstem Jelen\u00ed Hora. Otec Vasil n\u00e1m uk\u00e1zal chr\u00e1m sv. Petra a Pavla, ve kter\u00e9m slou\u017e\u00ed, povypr\u00e1v\u011bl o jeho d\u011bjin\u00e1ch a sou\u010dasnosti, uk\u00e1zal n\u00e1m historick\u00e9 centrum m\u011bsta. Po ob\u011bd\u011b jsme se rozlou\u010dili a odjeli dom\u016f.<\/p>\n\n\n\n<p>Po cest\u011b jsme v\u0161ak m\u011bli je\u0161t\u011b jedno zastaven\u00ed na \u010desk\u00e9 stran\u011b na sjezdovce, kde jsme n\u011bkolik hodin ly\u017eovali a bobovali. Ve\u010der t\u00e9ho\u017e dne jsme ji\u017e byli v Praze.<\/p>\n\n\n\n<p>Byl to kr\u00e1tk\u00fd pobyt, ale u\u017eite\u010dn\u00fd. Poznali jsme dal\u0161\u00ed duchovn\u00ed Polsk\u00e9 pravoslavn\u00e9 c\u00edrkve, odpo\u010dinuli si v kr\u00e1sn\u00e9 horsk\u00e9 krajin\u011b, pochutnali jsme si na skv\u011bl\u00e9 polsk\u00e9 kuchyni, vid\u011bli jsme zaj\u00edmavosti m\u011bsta Jelen\u00ed Hora a nechyb\u011blo ani ly\u017eov\u00e1n\u00ed.<\/p>\n\n\n\n<p>D\u011bkujeme polsk\u00fdm duchovn\u00edm otc\u016fm Markovi a Vasilovi za jejich pohostinnost, kucha\u0159\u016fm za skv\u011bl\u00e9 j\u00eddlo a v\u0161em, kdo pomohl s organizac\u00ed tohoto kr\u00e1tk\u00e9ho z\u00e1jezdu. V\u011b\u0159\u00edme, \u017ee se tam brzo, s pomoc\u00ed Bo\u017e\u00ed, znovu pod\u00edv\u00e1me. Pravoslavn\u00e1 cyrilometod\u011bjsk\u00e1 \u0161kola.<\/p>\n\n\n\n<figure class=\"wp-block-gallery has-nested-images columns-default is-cropped wp-block-gallery-1 is-layout-flex wp-block-gallery-is-layout-flex\">\n<figure class=\"wp-block-image size-large\"><a href=\"https:\/\/www.hlas-pravoslavi.cz\/wp-content\/uploads\/2022\/04\/thumbnail_d9590027-0a69-4ea4-a034-5914d2b70799.jpg\" data-lbwps-width=\"1280\" data-lbwps-height=\"960\" data-lbwps-srcsmall=\"http:\/\/www.hlas-pravoslavi.cz\/wp-content\/uploads\/2022\/04\/thumbnail_d9590027-0a69-4ea4-a034-5914d2b70799-300x225.jpg\"><img loading=\"lazy\" decoding=\"async\" width=\"1024\" height=\"768\" data-id=\"1041\" src=\"https:\/\/www.hlas-pravoslavi.cz\/wp-content\/uploads\/2022\/04\/thumbnail_d9590027-0a69-4ea4-a034-5914d2b70799-1024x768.jpg\" alt=\"\" class=\"wp-image-1041\" srcset=\"https:\/\/www.hlas-pravoslavi.cz\/wp-content\/uploads\/2022\/04\/thumbnail_d9590027-0a69-4ea4-a034-5914d2b70799-1024x768.jpg 1024w, https:\/\/www.hlas-pravoslavi.cz\/wp-content\/uploads\/2022\/04\/thumbnail_d9590027-0a69-4ea4-a034-5914d2b70799-300x225.jpg 300w, https:\/\/www.hlas-pravoslavi.cz\/wp-content\/uploads\/2022\/04\/thumbnail_d9590027-0a69-4ea4-a034-5914d2b70799-768x576.jpg 768w, https:\/\/www.hlas-pravoslavi.cz\/wp-content\/uploads\/2022\/04\/thumbnail_d9590027-0a69-4ea4-a034-5914d2b70799.jpg 1280w\" sizes=\"auto, (max-width: 1024px) 100vw, 1024px\" \/><\/a><\/figure>\n\n\n\n<figure class=\"wp-block-image size-large\"><a href=\"https:\/\/www.hlas-pravoslavi.cz\/wp-content\/uploads\/2022\/04\/thumbnail_IMG_4784.jpg\" data-lbwps-width=\"1280\" data-lbwps-height=\"960\" data-lbwps-srcsmall=\"http:\/\/www.hlas-pravoslavi.cz\/wp-content\/uploads\/2022\/04\/thumbnail_IMG_4784-300x225.jpg\"><img loading=\"lazy\" decoding=\"async\" width=\"1024\" height=\"768\" data-id=\"1042\" src=\"https:\/\/www.hlas-pravoslavi.cz\/wp-content\/uploads\/2022\/04\/thumbnail_IMG_4784-1024x768.jpg\" alt=\"\" class=\"wp-image-1042\" srcset=\"https:\/\/www.hlas-pravoslavi.cz\/wp-content\/uploads\/2022\/04\/thumbnail_IMG_4784-1024x768.jpg 1024w, https:\/\/www.hlas-pravoslavi.cz\/wp-content\/uploads\/2022\/04\/thumbnail_IMG_4784-300x225.jpg 300w, https:\/\/www.hlas-pravoslavi.cz\/wp-content\/uploads\/2022\/04\/thumbnail_IMG_4784-768x576.jpg 768w, https:\/\/www.hlas-pravoslavi.cz\/wp-content\/uploads\/2022\/04\/thumbnail_IMG_4784.jpg 1280w\" sizes=\"auto, (max-width: 1024px) 100vw, 1024px\" \/><\/a><\/figure>\n\n\n\n<figure class=\"wp-block-image size-large\"><a href=\"https:\/\/www.hlas-pravoslavi.cz\/wp-content\/uploads\/2022\/04\/thumbnail_IMG_4825.jpg\" data-lbwps-width=\"1280\" data-lbwps-height=\"960\" data-lbwps-srcsmall=\"http:\/\/www.hlas-pravoslavi.cz\/wp-content\/uploads\/2022\/04\/thumbnail_IMG_4825-300x225.jpg\"><img loading=\"lazy\" decoding=\"async\" width=\"1024\" height=\"768\" data-id=\"1043\" src=\"https:\/\/www.hlas-pravoslavi.cz\/wp-content\/uploads\/2022\/04\/thumbnail_IMG_4825-1024x768.jpg\" alt=\"\" class=\"wp-image-1043\" srcset=\"https:\/\/www.hlas-pravoslavi.cz\/wp-content\/uploads\/2022\/04\/thumbnail_IMG_4825-1024x768.jpg 1024w, https:\/\/www.hlas-pravoslavi.cz\/wp-content\/uploads\/2022\/04\/thumbnail_IMG_4825-300x225.jpg 300w, https:\/\/www.hlas-pravoslavi.cz\/wp-content\/uploads\/2022\/04\/thumbnail_IMG_4825-768x576.jpg 768w, https:\/\/www.hlas-pravoslavi.cz\/wp-content\/uploads\/2022\/04\/thumbnail_IMG_4825.jpg 1280w\" sizes=\"auto, (max-width: 1024px) 100vw, 1024px\" \/><\/a><\/figure>\n\n\n\n<figure class=\"wp-block-image size-large\"><a href=\"https:\/\/www.hlas-pravoslavi.cz\/wp-content\/uploads\/2022\/04\/thumbnail_IMG_4917-2.jpg\" data-lbwps-width=\"1280\" data-lbwps-height=\"960\" data-lbwps-srcsmall=\"http:\/\/www.hlas-pravoslavi.cz\/wp-content\/uploads\/2022\/04\/thumbnail_IMG_4917-2-300x225.jpg\"><img loading=\"lazy\" decoding=\"async\" width=\"1024\" height=\"768\" data-id=\"1044\" src=\"https:\/\/www.hlas-pravoslavi.cz\/wp-content\/uploads\/2022\/04\/thumbnail_IMG_4917-2-1024x768.jpg\" alt=\"\" class=\"wp-image-1044\" srcset=\"https:\/\/www.hlas-pravoslavi.cz\/wp-content\/uploads\/2022\/04\/thumbnail_IMG_4917-2-1024x768.jpg 1024w, https:\/\/www.hlas-pravoslavi.cz\/wp-content\/uploads\/2022\/04\/thumbnail_IMG_4917-2-300x225.jpg 300w, https:\/\/www.hlas-pravoslavi.cz\/wp-content\/uploads\/2022\/04\/thumbnail_IMG_4917-2-768x576.jpg 768w, https:\/\/www.hlas-pravoslavi.cz\/wp-content\/uploads\/2022\/04\/thumbnail_IMG_4917-2.jpg 1280w\" sizes=\"auto, (max-width: 1024px) 100vw, 1024px\" \/><\/a><\/figure>\n\n\n\n<figure class=\"wp-block-image size-large\"><a href=\"https:\/\/www.hlas-pravoslavi.cz\/wp-content\/uploads\/2022\/04\/thumbnail_IMG_8694.jpg\" data-lbwps-width=\"750\" data-lbwps-height=\"694\" data-lbwps-srcsmall=\"http:\/\/www.hlas-pravoslavi.cz\/wp-content\/uploads\/2022\/04\/thumbnail_IMG_8694-300x278.jpg\"><img loading=\"lazy\" decoding=\"async\" width=\"750\" height=\"694\" data-id=\"1045\" src=\"https:\/\/www.hlas-pravoslavi.cz\/wp-content\/uploads\/2022\/04\/thumbnail_IMG_8694.jpg\" alt=\"\" class=\"wp-image-1045\" srcset=\"https:\/\/www.hlas-pravoslavi.cz\/wp-content\/uploads\/2022\/04\/thumbnail_IMG_8694.jpg 750w, https:\/\/www.hlas-pravoslavi.cz\/wp-content\/uploads\/2022\/04\/thumbnail_IMG_8694-300x278.jpg 300w\" sizes=\"auto, (max-width: 750px) 100vw, 750px\" \/><\/a><\/figure>\n\n\n\n<figure class=\"wp-block-image size-large\"><a href=\"https:\/\/www.hlas-pravoslavi.cz\/wp-content\/uploads\/2022\/04\/thumbnail_IMG_9773.jpg\" data-lbwps-width=\"1280\" data-lbwps-height=\"960\" data-lbwps-srcsmall=\"http:\/\/www.hlas-pravoslavi.cz\/wp-content\/uploads\/2022\/04\/thumbnail_IMG_9773-300x225.jpg\"><img loading=\"lazy\" decoding=\"async\" width=\"1024\" height=\"768\" data-id=\"1046\" src=\"https:\/\/www.hlas-pravoslavi.cz\/wp-content\/uploads\/2022\/04\/thumbnail_IMG_9773-1024x768.jpg\" alt=\"\" class=\"wp-image-1046\" srcset=\"https:\/\/www.hlas-pravoslavi.cz\/wp-content\/uploads\/2022\/04\/thumbnail_IMG_9773-1024x768.jpg 1024w, https:\/\/www.hlas-pravoslavi.cz\/wp-content\/uploads\/2022\/04\/thumbnail_IMG_9773-300x225.jpg 300w, https:\/\/www.hlas-pravoslavi.cz\/wp-content\/uploads\/2022\/04\/thumbnail_IMG_9773-768x576.jpg 768w, https:\/\/www.hlas-pravoslavi.cz\/wp-content\/uploads\/2022\/04\/thumbnail_IMG_9773.jpg 1280w\" sizes=\"auto, (max-width: 1024px) 100vw, 1024px\" \/><\/a><\/figure>\n<\/figure>\n","protected":false},"excerpt":{"rendered":"<p>Ve dnech 3.\u20135. b\u0159ezna nav\u0161t\u00edvili s po\u017eehn\u00e1n\u00edm arcibiskupa pra\u017esk\u00e9ho a \u010desk\u00fdch zem\u00ed Michala d\u011bti a rodi\u010de na\u0161\u00ed ned\u011bln\u00ed \u0161koly Polsko. Byly jsme ubytov\u00e1ni v n\u00e1dhern\u00e9m&hellip;<\/p>\n","protected":false},"author":1,"featured_media":0,"comment_status":"closed","ping_status":"open","sticky":false,"template":"","format":"standard","meta":{"footnotes":""},"categories":[22,12],"tags":[53],"class_list":["post-1040","post","type-post","status-publish","format-standard","hentry","category-nedelni-skola","category-pro-deti","tag-2022-03"],"_links":{"self":[{"href":"https:\/\/www.hlas-pravoslavi.cz\/index.php\/wp-json\/wp\/v2\/posts\/1040","targetHints":{"allow":["GET"]}}],"collection":[{"href":"https:\/\/www.hlas-pravoslavi.cz\/index.php\/wp-json\/wp\/v2\/posts"}],"about":[{"href":"https:\/\/www.hlas-pravoslavi.cz\/index.php\/wp-json\/wp\/v2\/types\/post"}],"author":[{"embeddable":true,"href":"https:\/\/www.hlas-pravoslavi.cz\/index.php\/wp-json\/wp\/v2\/users\/1"}],"replies":[{"embeddable":true,"href":"https:\/\/www.hlas-pravoslavi.cz\/index.php\/wp-json\/wp\/v2\/comments?post=1040"}],"version-history":[{"count":1,"href":"https:\/\/www.hlas-pravoslavi.cz\/index.php\/wp-json\/wp\/v2\/posts\/1040\/revisions"}],"predecessor-version":[{"id":1047,"href":"https:\/\/www.hlas-pravoslavi.cz\/index.php\/wp-json\/wp\/v2\/posts\/1040\/revisions\/1047"}],"wp:attachment":[{"href":"https:\/\/www.hlas-pravoslavi.cz\/index.php\/wp-json\/wp\/v2\/media?parent=1040"}],"wp:term":[{"taxonomy":"category","embeddable":true,"href":"https:\/\/www.hlas-pravoslavi.cz\/index.php\/wp-json\/wp\/v2\/categories?post=1040"},{"taxonomy":"post_tag","embeddable":true,"href":"https:\/\/www.hlas-pravoslavi.cz\/index.php\/wp-json\/wp\/v2\/tags?post=1040"}],"curies":[{"name":"wp","href":"https:\/\/api.w.org\/{rel}","templated":true}]}}