{"id":1032,"date":"2022-03-11T12:18:48","date_gmt":"2022-03-11T11:18:48","guid":{"rendered":"https:\/\/www.hlas-pravoslavi.cz\/?p=1032"},"modified":"2022-04-11T12:19:03","modified_gmt":"2022-04-11T11:19:03","slug":"ekumenicka-modlitba-za-mir-na-ukrajine","status":"publish","type":"post","link":"https:\/\/www.hlas-pravoslavi.cz\/index.php\/2022\/03\/11\/ekumenicka-modlitba-za-mir-na-ukrajine\/","title":{"rendered":"Ekumenick\u00e1 modlitba za m\u00edr na Ukrajin\u011b"},"content":{"rendered":"\n<p>Ve st\u0159edu 2. b\u0159ezna se na Starom\u011bstsk\u00e9m n\u00e1m\u011bst\u00ed v\u00a0Praze konala ekumenick\u00e1 modlitba za ukon\u010den\u00ed v\u00e1le\u010dn\u00e9ho konfliktu na Ukrajin\u011b, odstran\u011bn\u00ed nen\u00e1visti a utrpen\u00ed, za v\u0161echny, kdo jsou v\u00e1le\u010dn\u00fdm d\u011bn\u00edm zasa\u017eeni, za padl\u00e9 a zran\u011bn\u00e9 i za jejich rodinn\u00e9 p\u0159\u00edslu\u0161n\u00edky, ale tak\u00e9 za prchaj\u00edc\u00ed p\u0159ed v\u00e1lkou a za ty, kdo jim podle sv\u00fdch sil pom\u00e1haj\u00ed. Po\u0159adatelem akce byla Ekumenick\u00e1 rada c\u00edrkv\u00ed v\u00a0\u010cR. Tohoto modlitebn\u00edho ekumenick\u00e9ho setk\u00e1n\u00ed se za na\u0161i c\u00edrkev z\u00fa\u010dastnil prot. Bc. Jan Ber\u00e1nek, pov\u011b\u0159en\u00fd veden\u00edm \u00fa\u0159adu eparchi\u00e1ln\u00ed rady Pra\u017esk\u00e9 pravoslavn\u00e9 eparchie.<\/p>\n\n\n\n<figure class=\"wp-block-gallery has-nested-images columns-default is-cropped wp-block-gallery-1 is-layout-flex wp-block-gallery-is-layout-flex\">\n<figure class=\"wp-block-image size-large\"><a href=\"https:\/\/www.hlas-pravoslavi.cz\/wp-content\/uploads\/2022\/04\/IMG_4483-1.jpg\" data-lbwps-width=\"1773\" data-lbwps-height=\"1182\" data-lbwps-srcsmall=\"http:\/\/www.hlas-pravoslavi.cz\/wp-content\/uploads\/2022\/04\/IMG_4483-1-300x200.jpg\"><img loading=\"lazy\" decoding=\"async\" width=\"1024\" height=\"683\" data-id=\"1034\" src=\"https:\/\/www.hlas-pravoslavi.cz\/wp-content\/uploads\/2022\/04\/IMG_4483-1-1024x683.jpg\" alt=\"\" class=\"wp-image-1034\" srcset=\"https:\/\/www.hlas-pravoslavi.cz\/wp-content\/uploads\/2022\/04\/IMG_4483-1-1024x683.jpg 1024w, https:\/\/www.hlas-pravoslavi.cz\/wp-content\/uploads\/2022\/04\/IMG_4483-1-300x200.jpg 300w, https:\/\/www.hlas-pravoslavi.cz\/wp-content\/uploads\/2022\/04\/IMG_4483-1-768x512.jpg 768w, https:\/\/www.hlas-pravoslavi.cz\/wp-content\/uploads\/2022\/04\/IMG_4483-1-1536x1024.jpg 1536w, https:\/\/www.hlas-pravoslavi.cz\/wp-content\/uploads\/2022\/04\/IMG_4483-1.jpg 1773w\" sizes=\"auto, (max-width: 1024px) 100vw, 1024px\" \/><\/a><\/figure>\n\n\n\n<figure class=\"wp-block-image size-large\"><a href=\"https:\/\/www.hlas-pravoslavi.cz\/wp-content\/uploads\/2022\/04\/IMG_4486.jpg\" data-lbwps-width=\"1773\" data-lbwps-height=\"1182\" data-lbwps-srcsmall=\"http:\/\/www.hlas-pravoslavi.cz\/wp-content\/uploads\/2022\/04\/IMG_4486-300x200.jpg\"><img loading=\"lazy\" decoding=\"async\" width=\"1024\" height=\"683\" data-id=\"1035\" src=\"https:\/\/www.hlas-pravoslavi.cz\/wp-content\/uploads\/2022\/04\/IMG_4486-1024x683.jpg\" alt=\"\" class=\"wp-image-1035\" srcset=\"https:\/\/www.hlas-pravoslavi.cz\/wp-content\/uploads\/2022\/04\/IMG_4486-1024x683.jpg 1024w, https:\/\/www.hlas-pravoslavi.cz\/wp-content\/uploads\/2022\/04\/IMG_4486-300x200.jpg 300w, https:\/\/www.hlas-pravoslavi.cz\/wp-content\/uploads\/2022\/04\/IMG_4486-768x512.jpg 768w, https:\/\/www.hlas-pravoslavi.cz\/wp-content\/uploads\/2022\/04\/IMG_4486-1536x1024.jpg 1536w, https:\/\/www.hlas-pravoslavi.cz\/wp-content\/uploads\/2022\/04\/IMG_4486.jpg 1773w\" sizes=\"auto, (max-width: 1024px) 100vw, 1024px\" \/><\/a><\/figure>\n\n\n\n<figure class=\"wp-block-image size-large\"><a href=\"https:\/\/www.hlas-pravoslavi.cz\/wp-content\/uploads\/2022\/04\/IMG_4491.jpg\" data-lbwps-width=\"1773\" data-lbwps-height=\"1182\" data-lbwps-srcsmall=\"http:\/\/www.hlas-pravoslavi.cz\/wp-content\/uploads\/2022\/04\/IMG_4491-300x200.jpg\"><img loading=\"lazy\" decoding=\"async\" width=\"1024\" height=\"683\" data-id=\"1036\" src=\"https:\/\/www.hlas-pravoslavi.cz\/wp-content\/uploads\/2022\/04\/IMG_4491-1024x683.jpg\" alt=\"\" class=\"wp-image-1036\" srcset=\"https:\/\/www.hlas-pravoslavi.cz\/wp-content\/uploads\/2022\/04\/IMG_4491-1024x683.jpg 1024w, https:\/\/www.hlas-pravoslavi.cz\/wp-content\/uploads\/2022\/04\/IMG_4491-300x200.jpg 300w, https:\/\/www.hlas-pravoslavi.cz\/wp-content\/uploads\/2022\/04\/IMG_4491-768x512.jpg 768w, https:\/\/www.hlas-pravoslavi.cz\/wp-content\/uploads\/2022\/04\/IMG_4491-1536x1024.jpg 1536w, https:\/\/www.hlas-pravoslavi.cz\/wp-content\/uploads\/2022\/04\/IMG_4491.jpg 1773w\" sizes=\"auto, (max-width: 1024px) 100vw, 1024px\" \/><\/a><\/figure>\n\n\n\n<figure class=\"wp-block-image size-large\"><a href=\"https:\/\/www.hlas-pravoslavi.cz\/wp-content\/uploads\/2022\/04\/IMG_4543.jpg\" data-lbwps-width=\"1773\" data-lbwps-height=\"1182\" data-lbwps-srcsmall=\"http:\/\/www.hlas-pravoslavi.cz\/wp-content\/uploads\/2022\/04\/IMG_4543-300x200.jpg\"><img loading=\"lazy\" decoding=\"async\" width=\"1024\" height=\"683\" data-id=\"1037\" src=\"https:\/\/www.hlas-pravoslavi.cz\/wp-content\/uploads\/2022\/04\/IMG_4543-1024x683.jpg\" alt=\"\" class=\"wp-image-1037\" srcset=\"https:\/\/www.hlas-pravoslavi.cz\/wp-content\/uploads\/2022\/04\/IMG_4543-1024x683.jpg 1024w, https:\/\/www.hlas-pravoslavi.cz\/wp-content\/uploads\/2022\/04\/IMG_4543-300x200.jpg 300w, https:\/\/www.hlas-pravoslavi.cz\/wp-content\/uploads\/2022\/04\/IMG_4543-768x512.jpg 768w, https:\/\/www.hlas-pravoslavi.cz\/wp-content\/uploads\/2022\/04\/IMG_4543-1536x1024.jpg 1536w, https:\/\/www.hlas-pravoslavi.cz\/wp-content\/uploads\/2022\/04\/IMG_4543.jpg 1773w\" sizes=\"auto, (max-width: 1024px) 100vw, 1024px\" \/><\/a><\/figure>\n\n\n\n<figure class=\"wp-block-image size-large\"><a href=\"https:\/\/www.hlas-pravoslavi.cz\/wp-content\/uploads\/2022\/04\/IMG_4593.jpg\" data-lbwps-width=\"1773\" data-lbwps-height=\"1182\" data-lbwps-srcsmall=\"http:\/\/www.hlas-pravoslavi.cz\/wp-content\/uploads\/2022\/04\/IMG_4593-300x200.jpg\"><img loading=\"lazy\" decoding=\"async\" width=\"1024\" height=\"683\" data-id=\"1038\" src=\"https:\/\/www.hlas-pravoslavi.cz\/wp-content\/uploads\/2022\/04\/IMG_4593-1024x683.jpg\" alt=\"\" class=\"wp-image-1038\" srcset=\"https:\/\/www.hlas-pravoslavi.cz\/wp-content\/uploads\/2022\/04\/IMG_4593-1024x683.jpg 1024w, https:\/\/www.hlas-pravoslavi.cz\/wp-content\/uploads\/2022\/04\/IMG_4593-300x200.jpg 300w, https:\/\/www.hlas-pravoslavi.cz\/wp-content\/uploads\/2022\/04\/IMG_4593-768x512.jpg 768w, https:\/\/www.hlas-pravoslavi.cz\/wp-content\/uploads\/2022\/04\/IMG_4593-1536x1024.jpg 1536w, https:\/\/www.hlas-pravoslavi.cz\/wp-content\/uploads\/2022\/04\/IMG_4593.jpg 1773w\" sizes=\"auto, (max-width: 1024px) 100vw, 1024px\" \/><\/a><\/figure>\n<\/figure>\n","protected":false},"excerpt":{"rendered":"<p>Ve st\u0159edu 2. b\u0159ezna se na Starom\u011bstsk\u00e9m n\u00e1m\u011bst\u00ed v\u00a0Praze konala ekumenick\u00e1 modlitba za ukon\u010den\u00ed v\u00e1le\u010dn\u00e9ho konfliktu na Ukrajin\u011b, odstran\u011bn\u00ed nen\u00e1visti a utrpen\u00ed, za v\u0161echny, kdo&hellip;<\/p>\n","protected":false},"author":1,"featured_media":0,"comment_status":"closed","ping_status":"open","sticky":false,"template":"","format":"standard","meta":{"footnotes":""},"categories":[9],"tags":[53],"class_list":["post-1032","post","type-post","status-publish","format-standard","hentry","category-zpravy-z-eparchii","tag-2022-03"],"_links":{"self":[{"href":"https:\/\/www.hlas-pravoslavi.cz\/index.php\/wp-json\/wp\/v2\/posts\/1032","targetHints":{"allow":["GET"]}}],"collection":[{"href":"https:\/\/www.hlas-pravoslavi.cz\/index.php\/wp-json\/wp\/v2\/posts"}],"about":[{"href":"https:\/\/www.hlas-pravoslavi.cz\/index.php\/wp-json\/wp\/v2\/types\/post"}],"author":[{"embeddable":true,"href":"https:\/\/www.hlas-pravoslavi.cz\/index.php\/wp-json\/wp\/v2\/users\/1"}],"replies":[{"embeddable":true,"href":"https:\/\/www.hlas-pravoslavi.cz\/index.php\/wp-json\/wp\/v2\/comments?post=1032"}],"version-history":[{"count":1,"href":"https:\/\/www.hlas-pravoslavi.cz\/index.php\/wp-json\/wp\/v2\/posts\/1032\/revisions"}],"predecessor-version":[{"id":1039,"href":"https:\/\/www.hlas-pravoslavi.cz\/index.php\/wp-json\/wp\/v2\/posts\/1032\/revisions\/1039"}],"wp:attachment":[{"href":"https:\/\/www.hlas-pravoslavi.cz\/index.php\/wp-json\/wp\/v2\/media?parent=1032"}],"wp:term":[{"taxonomy":"category","embeddable":true,"href":"https:\/\/www.hlas-pravoslavi.cz\/index.php\/wp-json\/wp\/v2\/categories?post=1032"},{"taxonomy":"post_tag","embeddable":true,"href":"https:\/\/www.hlas-pravoslavi.cz\/index.php\/wp-json\/wp\/v2\/tags?post=1032"}],"curies":[{"name":"wp","href":"https:\/\/api.w.org\/{rel}","templated":true}]}}