{"id":25,"count":12,"description":"","link":"https:\/\/www.hlas-pravoslavi.cz\/index.php\/category\/pravoslavi-ve-svete\/","name":"Pravoslav\u00ed ve sv\u011bt\u011b","slug":"pravoslavi-ve-svete","taxonomy":"category","parent":0,"meta":[],"_links":{"self":[{"href":"https:\/\/www.hlas-pravoslavi.cz\/index.php\/wp-json\/wp\/v2\/categories\/25","targetHints":{"allow":["GET"]}}],"collection":[{"href":"https:\/\/www.hlas-pravoslavi.cz\/index.php\/wp-json\/wp\/v2\/categories"}],"about":[{"href":"https:\/\/www.hlas-pravoslavi.cz\/index.php\/wp-json\/wp\/v2\/taxonomies\/category"}],"wp:post_type":[{"href":"https:\/\/www.hlas-pravoslavi.cz\/index.php\/wp-json\/wp\/v2\/posts?categories=25"}],"curies":[{"name":"wp","href":"https:\/\/api.w.org\/{rel}","templated":true}]}}